{"id":1471,"date":"2025-05-29T12:09:52","date_gmt":"2025-05-29T12:09:52","guid":{"rendered":"https:\/\/www.rmbs.es\/blog\/biblioteca-los-carteros\/?p=1471"},"modified":"2025-05-29T12:09:52","modified_gmt":"2025-05-29T12:09:52","slug":"conectamos-con-la-cultura","status":"publish","type":"post","link":"http:\/\/www.rmbs.es\/blog\/biblioteca-los-carteros\/?p=1471","title":{"rendered":"\u00a1CONECTAMOS CON LA CULTURA!"},"content":{"rendered":"\n<p>29\/05\/2025<\/p>\n\n\n\n<p>El mes de mayo en la biblioteca de Los Carteros, ni\u00f1os y mayores han disfrutado de una gran variedad cultural desde cuentacuentos, teatro oral, m\u00fasica en vivo, salud y ecolog\u00eda.<\/p>\n\n\n\n<figure class=\"wp-block-image size-large\"><a href=\"https:\/\/www.rmbs.es\/blog\/biblioteca-los-carteros\/wp-content\/uploads\/2025\/05\/FOTO-CARLOCO-4-scaled.jpg\"><img decoding=\"async\" loading=\"lazy\" width=\"768\" height=\"1024\" src=\"https:\/\/www.rmbs.es\/blog\/biblioteca-los-carteros\/wp-content\/uploads\/2025\/05\/FOTO-CARLOCO-4-768x1024.jpg\" alt=\"\" class=\"wp-image-1472\" srcset=\"http:\/\/www.rmbs.es\/blog\/biblioteca-los-carteros\/wp-content\/uploads\/2025\/05\/FOTO-CARLOCO-4-768x1024.jpg 768w, http:\/\/www.rmbs.es\/blog\/biblioteca-los-carteros\/wp-content\/uploads\/2025\/05\/FOTO-CARLOCO-4-225x300.jpg 225w, http:\/\/www.rmbs.es\/blog\/biblioteca-los-carteros\/wp-content\/uploads\/2025\/05\/FOTO-CARLOCO-4-1152x1536.jpg 1152w, http:\/\/www.rmbs.es\/blog\/biblioteca-los-carteros\/wp-content\/uploads\/2025\/05\/FOTO-CARLOCO-4-1536x2048.jpg 1536w, http:\/\/www.rmbs.es\/blog\/biblioteca-los-carteros\/wp-content\/uploads\/2025\/05\/FOTO-CARLOCO-4-113x150.jpg 113w, http:\/\/www.rmbs.es\/blog\/biblioteca-los-carteros\/wp-content\/uploads\/2025\/05\/FOTO-CARLOCO-4-18x24.jpg 18w, http:\/\/www.rmbs.es\/blog\/biblioteca-los-carteros\/wp-content\/uploads\/2025\/05\/FOTO-CARLOCO-4-27x36.jpg 27w, http:\/\/www.rmbs.es\/blog\/biblioteca-los-carteros\/wp-content\/uploads\/2025\/05\/FOTO-CARLOCO-4-36x48.jpg 36w, http:\/\/www.rmbs.es\/blog\/biblioteca-los-carteros\/wp-content\/uploads\/2025\/05\/FOTO-CARLOCO-4-scaled.jpg 1920w\" sizes=\"(max-width: 768px) 100vw, 768px\" \/><\/a><\/figure>\n\n\n\n<figure class=\"wp-block-image size-large\"><a href=\"https:\/\/www.rmbs.es\/blog\/biblioteca-los-carteros\/wp-content\/uploads\/2025\/05\/FOTO-CUENTACUENTOS-Pepe-Perez-scaled.jpg\"><img decoding=\"async\" loading=\"lazy\" width=\"768\" height=\"1024\" src=\"https:\/\/www.rmbs.es\/blog\/biblioteca-los-carteros\/wp-content\/uploads\/2025\/05\/FOTO-CUENTACUENTOS-Pepe-Perez-768x1024.jpg\" alt=\"\" class=\"wp-image-1473\" srcset=\"http:\/\/www.rmbs.es\/blog\/biblioteca-los-carteros\/wp-content\/uploads\/2025\/05\/FOTO-CUENTACUENTOS-Pepe-Perez-768x1024.jpg 768w, http:\/\/www.rmbs.es\/blog\/biblioteca-los-carteros\/wp-content\/uploads\/2025\/05\/FOTO-CUENTACUENTOS-Pepe-Perez-225x300.jpg 225w, http:\/\/www.rmbs.es\/blog\/biblioteca-los-carteros\/wp-content\/uploads\/2025\/05\/FOTO-CUENTACUENTOS-Pepe-Perez-1152x1536.jpg 1152w, http:\/\/www.rmbs.es\/blog\/biblioteca-los-carteros\/wp-content\/uploads\/2025\/05\/FOTO-CUENTACUENTOS-Pepe-Perez-1536x2048.jpg 1536w, http:\/\/www.rmbs.es\/blog\/biblioteca-los-carteros\/wp-content\/uploads\/2025\/05\/FOTO-CUENTACUENTOS-Pepe-Perez-113x150.jpg 113w, http:\/\/www.rmbs.es\/blog\/biblioteca-los-carteros\/wp-content\/uploads\/2025\/05\/FOTO-CUENTACUENTOS-Pepe-Perez-18x24.jpg 18w, http:\/\/www.rmbs.es\/blog\/biblioteca-los-carteros\/wp-content\/uploads\/2025\/05\/FOTO-CUENTACUENTOS-Pepe-Perez-27x36.jpg 27w, http:\/\/www.rmbs.es\/blog\/biblioteca-los-carteros\/wp-content\/uploads\/2025\/05\/FOTO-CUENTACUENTOS-Pepe-Perez-36x48.jpg 36w, http:\/\/www.rmbs.es\/blog\/biblioteca-los-carteros\/wp-content\/uploads\/2025\/05\/FOTO-CUENTACUENTOS-Pepe-Perez-scaled.jpg 1920w\" sizes=\"(max-width: 768px) 100vw, 768px\" \/><\/a><\/figure>\n\n\n\n<figure class=\"wp-block-image size-large\"><a href=\"https:\/\/www.rmbs.es\/blog\/biblioteca-los-carteros\/wp-content\/uploads\/2025\/05\/FOTO-JOSE-ANTONIO-AGUILAR-scaled.jpg\"><img decoding=\"async\" loading=\"lazy\" width=\"768\" height=\"1024\" src=\"https:\/\/www.rmbs.es\/blog\/biblioteca-los-carteros\/wp-content\/uploads\/2025\/05\/FOTO-JOSE-ANTONIO-AGUILAR-768x1024.jpg\" alt=\"\" class=\"wp-image-1474\" srcset=\"http:\/\/www.rmbs.es\/blog\/biblioteca-los-carteros\/wp-content\/uploads\/2025\/05\/FOTO-JOSE-ANTONIO-AGUILAR-768x1024.jpg 768w, http:\/\/www.rmbs.es\/blog\/biblioteca-los-carteros\/wp-content\/uploads\/2025\/05\/FOTO-JOSE-ANTONIO-AGUILAR-225x300.jpg 225w, http:\/\/www.rmbs.es\/blog\/biblioteca-los-carteros\/wp-content\/uploads\/2025\/05\/FOTO-JOSE-ANTONIO-AGUILAR-1152x1536.jpg 1152w, http:\/\/www.rmbs.es\/blog\/biblioteca-los-carteros\/wp-content\/uploads\/2025\/05\/FOTO-JOSE-ANTONIO-AGUILAR-1536x2048.jpg 1536w, http:\/\/www.rmbs.es\/blog\/biblioteca-los-carteros\/wp-content\/uploads\/2025\/05\/FOTO-JOSE-ANTONIO-AGUILAR-113x150.jpg 113w, http:\/\/www.rmbs.es\/blog\/biblioteca-los-carteros\/wp-content\/uploads\/2025\/05\/FOTO-JOSE-ANTONIO-AGUILAR-18x24.jpg 18w, http:\/\/www.rmbs.es\/blog\/biblioteca-los-carteros\/wp-content\/uploads\/2025\/05\/FOTO-JOSE-ANTONIO-AGUILAR-27x36.jpg 27w, http:\/\/www.rmbs.es\/blog\/biblioteca-los-carteros\/wp-content\/uploads\/2025\/05\/FOTO-JOSE-ANTONIO-AGUILAR-36x48.jpg 36w, http:\/\/www.rmbs.es\/blog\/biblioteca-los-carteros\/wp-content\/uploads\/2025\/05\/FOTO-JOSE-ANTONIO-AGUILAR-scaled.jpg 1920w\" sizes=\"(max-width: 768px) 100vw, 768px\" \/><\/a><\/figure>\n\n\n\n<figure class=\"wp-block-image size-large\"><a href=\"https:\/\/www.rmbs.es\/blog\/biblioteca-los-carteros\/wp-content\/uploads\/2025\/05\/FOTO-CHARLA-SEXUALIDAD1-scaled.jpg\"><img decoding=\"async\" loading=\"lazy\" width=\"768\" height=\"1024\" src=\"https:\/\/www.rmbs.es\/blog\/biblioteca-los-carteros\/wp-content\/uploads\/2025\/05\/FOTO-CHARLA-SEXUALIDAD1-768x1024.jpg\" alt=\"\" class=\"wp-image-1475\" srcset=\"http:\/\/www.rmbs.es\/blog\/biblioteca-los-carteros\/wp-content\/uploads\/2025\/05\/FOTO-CHARLA-SEXUALIDAD1-768x1024.jpg 768w, http:\/\/www.rmbs.es\/blog\/biblioteca-los-carteros\/wp-content\/uploads\/2025\/05\/FOTO-CHARLA-SEXUALIDAD1-225x300.jpg 225w, http:\/\/www.rmbs.es\/blog\/biblioteca-los-carteros\/wp-content\/uploads\/2025\/05\/FOTO-CHARLA-SEXUALIDAD1-1152x1536.jpg 1152w, http:\/\/www.rmbs.es\/blog\/biblioteca-los-carteros\/wp-content\/uploads\/2025\/05\/FOTO-CHARLA-SEXUALIDAD1-1536x2048.jpg 1536w, http:\/\/www.rmbs.es\/blog\/biblioteca-los-carteros\/wp-content\/uploads\/2025\/05\/FOTO-CHARLA-SEXUALIDAD1-113x150.jpg 113w, http:\/\/www.rmbs.es\/blog\/biblioteca-los-carteros\/wp-content\/uploads\/2025\/05\/FOTO-CHARLA-SEXUALIDAD1-18x24.jpg 18w, http:\/\/www.rmbs.es\/blog\/biblioteca-los-carteros\/wp-content\/uploads\/2025\/05\/FOTO-CHARLA-SEXUALIDAD1-27x36.jpg 27w, http:\/\/www.rmbs.es\/blog\/biblioteca-los-carteros\/wp-content\/uploads\/2025\/05\/FOTO-CHARLA-SEXUALIDAD1-36x48.jpg 36w, http:\/\/www.rmbs.es\/blog\/biblioteca-los-carteros\/wp-content\/uploads\/2025\/05\/FOTO-CHARLA-SEXUALIDAD1-scaled.jpg 1920w\" sizes=\"(max-width: 768px) 100vw, 768px\" \/><\/a><\/figure>\n\n\n\n<figure class=\"wp-block-image size-large\"><a href=\"https:\/\/www.rmbs.es\/blog\/biblioteca-los-carteros\/wp-content\/uploads\/2025\/05\/FOTO-NINOS-HUERTO-1-scaled.jpg\"><img decoding=\"async\" loading=\"lazy\" width=\"1024\" height=\"768\" src=\"https:\/\/www.rmbs.es\/blog\/biblioteca-los-carteros\/wp-content\/uploads\/2025\/05\/FOTO-NINOS-HUERTO-1-1024x768.jpg\" alt=\"\" class=\"wp-image-1476\" srcset=\"http:\/\/www.rmbs.es\/blog\/biblioteca-los-carteros\/wp-content\/uploads\/2025\/05\/FOTO-NINOS-HUERTO-1-1024x768.jpg 1024w, http:\/\/www.rmbs.es\/blog\/biblioteca-los-carteros\/wp-content\/uploads\/2025\/05\/FOTO-NINOS-HUERTO-1-300x225.jpg 300w, http:\/\/www.rmbs.es\/blog\/biblioteca-los-carteros\/wp-content\/uploads\/2025\/05\/FOTO-NINOS-HUERTO-1-768x576.jpg 768w, http:\/\/www.rmbs.es\/blog\/biblioteca-los-carteros\/wp-content\/uploads\/2025\/05\/FOTO-NINOS-HUERTO-1-1536x1152.jpg 1536w, http:\/\/www.rmbs.es\/blog\/biblioteca-los-carteros\/wp-content\/uploads\/2025\/05\/FOTO-NINOS-HUERTO-1-2048x1536.jpg 2048w, http:\/\/www.rmbs.es\/blog\/biblioteca-los-carteros\/wp-content\/uploads\/2025\/05\/FOTO-NINOS-HUERTO-1-150x113.jpg 150w, http:\/\/www.rmbs.es\/blog\/biblioteca-los-carteros\/wp-content\/uploads\/2025\/05\/FOTO-NINOS-HUERTO-1-24x18.jpg 24w, http:\/\/www.rmbs.es\/blog\/biblioteca-los-carteros\/wp-content\/uploads\/2025\/05\/FOTO-NINOS-HUERTO-1-36x27.jpg 36w, http:\/\/www.rmbs.es\/blog\/biblioteca-los-carteros\/wp-content\/uploads\/2025\/05\/FOTO-NINOS-HUERTO-1-48x36.jpg 48w\" sizes=\"(max-width: 1024px) 100vw, 1024px\" \/><\/a><\/figure>\n\n\n\n<figure class=\"wp-block-image size-large\"><a href=\"https:\/\/www.rmbs.es\/blog\/biblioteca-los-carteros\/wp-content\/uploads\/2025\/05\/FOTO-CUENTACUENTOS-LIBROS1.jpg\"><img decoding=\"async\" loading=\"lazy\" width=\"822\" height=\"1024\" src=\"https:\/\/www.rmbs.es\/blog\/biblioteca-los-carteros\/wp-content\/uploads\/2025\/05\/FOTO-CUENTACUENTOS-LIBROS1-822x1024.jpg\" alt=\"\" class=\"wp-image-1477\" srcset=\"http:\/\/www.rmbs.es\/blog\/biblioteca-los-carteros\/wp-content\/uploads\/2025\/05\/FOTO-CUENTACUENTOS-LIBROS1-822x1024.jpg 822w, http:\/\/www.rmbs.es\/blog\/biblioteca-los-carteros\/wp-content\/uploads\/2025\/05\/FOTO-CUENTACUENTOS-LIBROS1-241x300.jpg 241w, http:\/\/www.rmbs.es\/blog\/biblioteca-los-carteros\/wp-content\/uploads\/2025\/05\/FOTO-CUENTACUENTOS-LIBROS1-768x957.jpg 768w, http:\/\/www.rmbs.es\/blog\/biblioteca-los-carteros\/wp-content\/uploads\/2025\/05\/FOTO-CUENTACUENTOS-LIBROS1-1233x1536.jpg 1233w, http:\/\/www.rmbs.es\/blog\/biblioteca-los-carteros\/wp-content\/uploads\/2025\/05\/FOTO-CUENTACUENTOS-LIBROS1-120x150.jpg 120w, http:\/\/www.rmbs.es\/blog\/biblioteca-los-carteros\/wp-content\/uploads\/2025\/05\/FOTO-CUENTACUENTOS-LIBROS1-19x24.jpg 19w, http:\/\/www.rmbs.es\/blog\/biblioteca-los-carteros\/wp-content\/uploads\/2025\/05\/FOTO-CUENTACUENTOS-LIBROS1-29x36.jpg 29w, http:\/\/www.rmbs.es\/blog\/biblioteca-los-carteros\/wp-content\/uploads\/2025\/05\/FOTO-CUENTACUENTOS-LIBROS1-39x48.jpg 39w, http:\/\/www.rmbs.es\/blog\/biblioteca-los-carteros\/wp-content\/uploads\/2025\/05\/FOTO-CUENTACUENTOS-LIBROS1.jpg 1284w\" sizes=\"(max-width: 822px) 100vw, 822px\" \/><\/a><\/figure>\n","protected":false},"excerpt":{"rendered":"<p>29\/05\/2025 El mes de mayo en la biblioteca de Los Carteros, ni\u00f1os y mayores han disfrutado de una gran variedad cultural desde cuentacuentos, teatro oral, m\u00fasica en vivo, salud y ecolog\u00eda.<\/p>\n","protected":false},"author":1,"featured_media":1469,"comment_status":"open","ping_status":"open","sticky":false,"template":"","format":"standard","meta":{"footnotes":""},"categories":[54,22,23,52,55],"tags":[],"_links":{"self":[{"href":"http:\/\/www.rmbs.es\/blog\/biblioteca-los-carteros\/index.php?rest_route=\/wp\/v2\/posts\/1471"}],"collection":[{"href":"http:\/\/www.rmbs.es\/blog\/biblioteca-los-carteros\/index.php?rest_route=\/wp\/v2\/posts"}],"about":[{"href":"http:\/\/www.rmbs.es\/blog\/biblioteca-los-carteros\/index.php?rest_route=\/wp\/v2\/types\/post"}],"author":[{"embeddable":true,"href":"http:\/\/www.rmbs.es\/blog\/biblioteca-los-carteros\/index.php?rest_route=\/wp\/v2\/users\/1"}],"replies":[{"embeddable":true,"href":"http:\/\/www.rmbs.es\/blog\/biblioteca-los-carteros\/index.php?rest_route=%2Fwp%2Fv2%2Fcomments&post=1471"}],"version-history":[{"count":1,"href":"http:\/\/www.rmbs.es\/blog\/biblioteca-los-carteros\/index.php?rest_route=\/wp\/v2\/posts\/1471\/revisions"}],"predecessor-version":[{"id":1478,"href":"http:\/\/www.rmbs.es\/blog\/biblioteca-los-carteros\/index.php?rest_route=\/wp\/v2\/posts\/1471\/revisions\/1478"}],"wp:featuredmedia":[{"embeddable":true,"href":"http:\/\/www.rmbs.es\/blog\/biblioteca-los-carteros\/index.php?rest_route=\/wp\/v2\/media\/1469"}],"wp:attachment":[{"href":"http:\/\/www.rmbs.es\/blog\/biblioteca-los-carteros\/index.php?rest_route=%2Fwp%2Fv2%2Fmedia&parent=1471"}],"wp:term":[{"taxonomy":"category","embeddable":true,"href":"http:\/\/www.rmbs.es\/blog\/biblioteca-los-carteros\/index.php?rest_route=%2Fwp%2Fv2%2Fcategories&post=1471"},{"taxonomy":"post_tag","embeddable":true,"href":"http:\/\/www.rmbs.es\/blog\/biblioteca-los-carteros\/index.php?rest_route=%2Fwp%2Fv2%2Ftags&post=1471"}],"curies":[{"name":"wp","href":"https:\/\/api.w.org\/{rel}","templated":true}]}}