{"id":1463,"date":"2025-04-23T15:07:08","date_gmt":"2025-04-23T15:07:08","guid":{"rendered":"https:\/\/www.rmbs.es\/blog\/biblioteca-los-carteros\/?p=1463"},"modified":"2025-04-23T15:07:08","modified_gmt":"2025-04-23T15:07:08","slug":"dia-del-libro","status":"publish","type":"post","link":"http:\/\/www.rmbs.es\/blog\/biblioteca-los-carteros\/?p=1463","title":{"rendered":"D\u00cdA DEL LIBRO"},"content":{"rendered":"\n<p>23\/04\/2025<\/p>\n\n\n\n<p>Hoy d\u00eda de San Jorge te esperamos en nuestra biblioteca como es tradici\u00f3n con rosas y una amplia colecci\u00f3n de \u00e1lbumes ilustrados. Ven a visitarnos y descubrir\u00e1s  fascinantes historias y aventuras.<\/p>\n\n\n\n<p><\/p>\n\n\n\n<figure class=\"wp-block-image size-large\"><a href=\"https:\/\/www.rmbs.es\/blog\/biblioteca-los-carteros\/wp-content\/uploads\/2025\/04\/DIA-DEL-LIBRO-2-scaled.jpg\"><img decoding=\"async\" loading=\"lazy\" width=\"768\" height=\"1024\" src=\"https:\/\/www.rmbs.es\/blog\/biblioteca-los-carteros\/wp-content\/uploads\/2025\/04\/DIA-DEL-LIBRO-2-768x1024.jpg\" alt=\"\" class=\"wp-image-1464\" srcset=\"http:\/\/www.rmbs.es\/blog\/biblioteca-los-carteros\/wp-content\/uploads\/2025\/04\/DIA-DEL-LIBRO-2-768x1024.jpg 768w, http:\/\/www.rmbs.es\/blog\/biblioteca-los-carteros\/wp-content\/uploads\/2025\/04\/DIA-DEL-LIBRO-2-225x300.jpg 225w, http:\/\/www.rmbs.es\/blog\/biblioteca-los-carteros\/wp-content\/uploads\/2025\/04\/DIA-DEL-LIBRO-2-1152x1536.jpg 1152w, http:\/\/www.rmbs.es\/blog\/biblioteca-los-carteros\/wp-content\/uploads\/2025\/04\/DIA-DEL-LIBRO-2-1536x2048.jpg 1536w, http:\/\/www.rmbs.es\/blog\/biblioteca-los-carteros\/wp-content\/uploads\/2025\/04\/DIA-DEL-LIBRO-2-113x150.jpg 113w, http:\/\/www.rmbs.es\/blog\/biblioteca-los-carteros\/wp-content\/uploads\/2025\/04\/DIA-DEL-LIBRO-2-18x24.jpg 18w, http:\/\/www.rmbs.es\/blog\/biblioteca-los-carteros\/wp-content\/uploads\/2025\/04\/DIA-DEL-LIBRO-2-27x36.jpg 27w, http:\/\/www.rmbs.es\/blog\/biblioteca-los-carteros\/wp-content\/uploads\/2025\/04\/DIA-DEL-LIBRO-2-36x48.jpg 36w, http:\/\/www.rmbs.es\/blog\/biblioteca-los-carteros\/wp-content\/uploads\/2025\/04\/DIA-DEL-LIBRO-2-scaled.jpg 1920w\" sizes=\"(max-width: 768px) 100vw, 768px\" \/><\/a><\/figure>\n","protected":false},"excerpt":{"rendered":"<p>23\/04\/2025 Hoy d\u00eda de San Jorge te esperamos en nuestra biblioteca como es tradici\u00f3n con rosas y una amplia colecci\u00f3n de \u00e1lbumes ilustrados. Ven a visitarnos y descubrir\u00e1s fascinantes historias y aventuras.<\/p>\n","protected":false},"author":1,"featured_media":1465,"comment_status":"open","ping_status":"open","sticky":false,"template":"","format":"standard","meta":{"footnotes":""},"categories":[38,24,22,23,50,48],"tags":[],"_links":{"self":[{"href":"http:\/\/www.rmbs.es\/blog\/biblioteca-los-carteros\/index.php?rest_route=\/wp\/v2\/posts\/1463"}],"collection":[{"href":"http:\/\/www.rmbs.es\/blog\/biblioteca-los-carteros\/index.php?rest_route=\/wp\/v2\/posts"}],"about":[{"href":"http:\/\/www.rmbs.es\/blog\/biblioteca-los-carteros\/index.php?rest_route=\/wp\/v2\/types\/post"}],"author":[{"embeddable":true,"href":"http:\/\/www.rmbs.es\/blog\/biblioteca-los-carteros\/index.php?rest_route=\/wp\/v2\/users\/1"}],"replies":[{"embeddable":true,"href":"http:\/\/www.rmbs.es\/blog\/biblioteca-los-carteros\/index.php?rest_route=%2Fwp%2Fv2%2Fcomments&post=1463"}],"version-history":[{"count":1,"href":"http:\/\/www.rmbs.es\/blog\/biblioteca-los-carteros\/index.php?rest_route=\/wp\/v2\/posts\/1463\/revisions"}],"predecessor-version":[{"id":1466,"href":"http:\/\/www.rmbs.es\/blog\/biblioteca-los-carteros\/index.php?rest_route=\/wp\/v2\/posts\/1463\/revisions\/1466"}],"wp:featuredmedia":[{"embeddable":true,"href":"http:\/\/www.rmbs.es\/blog\/biblioteca-los-carteros\/index.php?rest_route=\/wp\/v2\/media\/1465"}],"wp:attachment":[{"href":"http:\/\/www.rmbs.es\/blog\/biblioteca-los-carteros\/index.php?rest_route=%2Fwp%2Fv2%2Fmedia&parent=1463"}],"wp:term":[{"taxonomy":"category","embeddable":true,"href":"http:\/\/www.rmbs.es\/blog\/biblioteca-los-carteros\/index.php?rest_route=%2Fwp%2Fv2%2Fcategories&post=1463"},{"taxonomy":"post_tag","embeddable":true,"href":"http:\/\/www.rmbs.es\/blog\/biblioteca-los-carteros\/index.php?rest_route=%2Fwp%2Fv2%2Ftags&post=1463"}],"curies":[{"name":"wp","href":"https:\/\/api.w.org\/{rel}","templated":true}]}}