{"id":1438,"date":"2025-04-02T12:38:04","date_gmt":"2025-04-02T12:38:04","guid":{"rendered":"https:\/\/www.rmbs.es\/blog\/biblioteca-los-carteros\/?p=1438"},"modified":"2025-04-02T12:38:04","modified_gmt":"2025-04-02T12:38:04","slug":"huerto-urbano-ecologico-cosechando-vida","status":"publish","type":"post","link":"http:\/\/www.rmbs.es\/blog\/biblioteca-los-carteros\/?p=1438","title":{"rendered":"HUERTO URBANO ECOL\u00d3GICO. COSECHANDO VIDA"},"content":{"rendered":"\n<p>La biblioteca Los carteros participa en el proyecto de huerto urbano ecol\u00f3gico que se ha puesto en marcha en el centro c\u00edvico. Como complemento a nuestro proyecto de Semillateca y Bibliokepos.<\/p>\n\n\n\n<p>Ya que las semillas son la esencia para que crezcan las plantas y son imprescindibles para que se desarrollen y florezcan.<\/p>\n\n\n\n<p>En esta primera sesi\u00f3n han participado con nosotros los alumnos de la Escuela Infantil El Castillo M\u00e1gico con su profesor David y la monitora del huerto Yolanda plantando las semillas y reg\u00e1ndolas. En algunas macetas podemos ver como ya algunas semillas han germinado y hemos obtenido los primeros brotes que posteriormente trasplantaremos. <\/p>\n\n\n\n<figure class=\"wp-block-image size-large\"><a href=\"https:\/\/www.rmbs.es\/blog\/biblioteca-los-carteros\/wp-content\/uploads\/2025\/04\/FOTO-BANCALES-3-scaled.jpg\"><img decoding=\"async\" loading=\"lazy\" width=\"1024\" height=\"768\" src=\"https:\/\/www.rmbs.es\/blog\/biblioteca-los-carteros\/wp-content\/uploads\/2025\/04\/FOTO-BANCALES-3-1024x768.jpg\" alt=\"\" class=\"wp-image-1439\" srcset=\"http:\/\/www.rmbs.es\/blog\/biblioteca-los-carteros\/wp-content\/uploads\/2025\/04\/FOTO-BANCALES-3-1024x768.jpg 1024w, http:\/\/www.rmbs.es\/blog\/biblioteca-los-carteros\/wp-content\/uploads\/2025\/04\/FOTO-BANCALES-3-300x225.jpg 300w, http:\/\/www.rmbs.es\/blog\/biblioteca-los-carteros\/wp-content\/uploads\/2025\/04\/FOTO-BANCALES-3-768x576.jpg 768w, http:\/\/www.rmbs.es\/blog\/biblioteca-los-carteros\/wp-content\/uploads\/2025\/04\/FOTO-BANCALES-3-1536x1152.jpg 1536w, http:\/\/www.rmbs.es\/blog\/biblioteca-los-carteros\/wp-content\/uploads\/2025\/04\/FOTO-BANCALES-3-2048x1536.jpg 2048w, http:\/\/www.rmbs.es\/blog\/biblioteca-los-carteros\/wp-content\/uploads\/2025\/04\/FOTO-BANCALES-3-150x113.jpg 150w, http:\/\/www.rmbs.es\/blog\/biblioteca-los-carteros\/wp-content\/uploads\/2025\/04\/FOTO-BANCALES-3-24x18.jpg 24w, http:\/\/www.rmbs.es\/blog\/biblioteca-los-carteros\/wp-content\/uploads\/2025\/04\/FOTO-BANCALES-3-36x27.jpg 36w, http:\/\/www.rmbs.es\/blog\/biblioteca-los-carteros\/wp-content\/uploads\/2025\/04\/FOTO-BANCALES-3-48x36.jpg 48w\" sizes=\"(max-width: 1024px) 100vw, 1024px\" \/><\/a><\/figure>\n\n\n\n<figure class=\"wp-block-image size-large\"><a href=\"https:\/\/www.rmbs.es\/blog\/biblioteca-los-carteros\/wp-content\/uploads\/2025\/04\/PLANTANDO-SEMILLAS-1-scaled.jpg\"><img decoding=\"async\" loading=\"lazy\" width=\"768\" height=\"1024\" src=\"https:\/\/www.rmbs.es\/blog\/biblioteca-los-carteros\/wp-content\/uploads\/2025\/04\/PLANTANDO-SEMILLAS-1-768x1024.jpg\" alt=\"\" class=\"wp-image-1440\" srcset=\"http:\/\/www.rmbs.es\/blog\/biblioteca-los-carteros\/wp-content\/uploads\/2025\/04\/PLANTANDO-SEMILLAS-1-768x1024.jpg 768w, http:\/\/www.rmbs.es\/blog\/biblioteca-los-carteros\/wp-content\/uploads\/2025\/04\/PLANTANDO-SEMILLAS-1-225x300.jpg 225w, http:\/\/www.rmbs.es\/blog\/biblioteca-los-carteros\/wp-content\/uploads\/2025\/04\/PLANTANDO-SEMILLAS-1-1152x1536.jpg 1152w, http:\/\/www.rmbs.es\/blog\/biblioteca-los-carteros\/wp-content\/uploads\/2025\/04\/PLANTANDO-SEMILLAS-1-1536x2048.jpg 1536w, http:\/\/www.rmbs.es\/blog\/biblioteca-los-carteros\/wp-content\/uploads\/2025\/04\/PLANTANDO-SEMILLAS-1-113x150.jpg 113w, http:\/\/www.rmbs.es\/blog\/biblioteca-los-carteros\/wp-content\/uploads\/2025\/04\/PLANTANDO-SEMILLAS-1-18x24.jpg 18w, http:\/\/www.rmbs.es\/blog\/biblioteca-los-carteros\/wp-content\/uploads\/2025\/04\/PLANTANDO-SEMILLAS-1-27x36.jpg 27w, http:\/\/www.rmbs.es\/blog\/biblioteca-los-carteros\/wp-content\/uploads\/2025\/04\/PLANTANDO-SEMILLAS-1-36x48.jpg 36w, http:\/\/www.rmbs.es\/blog\/biblioteca-los-carteros\/wp-content\/uploads\/2025\/04\/PLANTANDO-SEMILLAS-1-scaled.jpg 1920w\" sizes=\"(max-width: 768px) 100vw, 768px\" \/><\/a><\/figure>\n\n\n\n<figure class=\"wp-block-image size-large\"><a href=\"https:\/\/www.rmbs.es\/blog\/biblioteca-los-carteros\/wp-content\/uploads\/2025\/04\/REGANDO-MACETAS-1-scaled.jpg\"><img decoding=\"async\" loading=\"lazy\" width=\"768\" height=\"1024\" src=\"https:\/\/www.rmbs.es\/blog\/biblioteca-los-carteros\/wp-content\/uploads\/2025\/04\/REGANDO-MACETAS-1-768x1024.jpg\" alt=\"\" class=\"wp-image-1441\" srcset=\"http:\/\/www.rmbs.es\/blog\/biblioteca-los-carteros\/wp-content\/uploads\/2025\/04\/REGANDO-MACETAS-1-768x1024.jpg 768w, http:\/\/www.rmbs.es\/blog\/biblioteca-los-carteros\/wp-content\/uploads\/2025\/04\/REGANDO-MACETAS-1-225x300.jpg 225w, http:\/\/www.rmbs.es\/blog\/biblioteca-los-carteros\/wp-content\/uploads\/2025\/04\/REGANDO-MACETAS-1-1152x1536.jpg 1152w, http:\/\/www.rmbs.es\/blog\/biblioteca-los-carteros\/wp-content\/uploads\/2025\/04\/REGANDO-MACETAS-1-1536x2048.jpg 1536w, http:\/\/www.rmbs.es\/blog\/biblioteca-los-carteros\/wp-content\/uploads\/2025\/04\/REGANDO-MACETAS-1-113x150.jpg 113w, http:\/\/www.rmbs.es\/blog\/biblioteca-los-carteros\/wp-content\/uploads\/2025\/04\/REGANDO-MACETAS-1-18x24.jpg 18w, http:\/\/www.rmbs.es\/blog\/biblioteca-los-carteros\/wp-content\/uploads\/2025\/04\/REGANDO-MACETAS-1-27x36.jpg 27w, http:\/\/www.rmbs.es\/blog\/biblioteca-los-carteros\/wp-content\/uploads\/2025\/04\/REGANDO-MACETAS-1-36x48.jpg 36w, http:\/\/www.rmbs.es\/blog\/biblioteca-los-carteros\/wp-content\/uploads\/2025\/04\/REGANDO-MACETAS-1-scaled.jpg 1920w\" sizes=\"(max-width: 768px) 100vw, 768px\" \/><\/a><\/figure>\n\n\n\n<figure class=\"wp-block-image size-large\"><a href=\"https:\/\/www.rmbs.es\/blog\/biblioteca-los-carteros\/wp-content\/uploads\/2025\/04\/FLORECIENDO-LAS-SEMILLAS-scaled.jpg\"><img decoding=\"async\" loading=\"lazy\" width=\"1024\" height=\"768\" src=\"https:\/\/www.rmbs.es\/blog\/biblioteca-los-carteros\/wp-content\/uploads\/2025\/04\/FLORECIENDO-LAS-SEMILLAS-1024x768.jpg\" alt=\"\" class=\"wp-image-1442\" srcset=\"http:\/\/www.rmbs.es\/blog\/biblioteca-los-carteros\/wp-content\/uploads\/2025\/04\/FLORECIENDO-LAS-SEMILLAS-1024x768.jpg 1024w, http:\/\/www.rmbs.es\/blog\/biblioteca-los-carteros\/wp-content\/uploads\/2025\/04\/FLORECIENDO-LAS-SEMILLAS-300x225.jpg 300w, http:\/\/www.rmbs.es\/blog\/biblioteca-los-carteros\/wp-content\/uploads\/2025\/04\/FLORECIENDO-LAS-SEMILLAS-768x576.jpg 768w, http:\/\/www.rmbs.es\/blog\/biblioteca-los-carteros\/wp-content\/uploads\/2025\/04\/FLORECIENDO-LAS-SEMILLAS-1536x1152.jpg 1536w, http:\/\/www.rmbs.es\/blog\/biblioteca-los-carteros\/wp-content\/uploads\/2025\/04\/FLORECIENDO-LAS-SEMILLAS-2048x1536.jpg 2048w, http:\/\/www.rmbs.es\/blog\/biblioteca-los-carteros\/wp-content\/uploads\/2025\/04\/FLORECIENDO-LAS-SEMILLAS-150x113.jpg 150w, http:\/\/www.rmbs.es\/blog\/biblioteca-los-carteros\/wp-content\/uploads\/2025\/04\/FLORECIENDO-LAS-SEMILLAS-24x18.jpg 24w, http:\/\/www.rmbs.es\/blog\/biblioteca-los-carteros\/wp-content\/uploads\/2025\/04\/FLORECIENDO-LAS-SEMILLAS-36x27.jpg 36w, http:\/\/www.rmbs.es\/blog\/biblioteca-los-carteros\/wp-content\/uploads\/2025\/04\/FLORECIENDO-LAS-SEMILLAS-48x36.jpg 48w\" sizes=\"(max-width: 1024px) 100vw, 1024px\" \/><\/a><\/figure>\n\n\n\n<figure class=\"wp-block-image size-large\"><a href=\"https:\/\/www.rmbs.es\/blog\/biblioteca-los-carteros\/wp-content\/uploads\/2025\/04\/CUENTO-scaled.jpg\"><img decoding=\"async\" loading=\"lazy\" width=\"768\" height=\"1024\" src=\"https:\/\/www.rmbs.es\/blog\/biblioteca-los-carteros\/wp-content\/uploads\/2025\/04\/CUENTO-768x1024.jpg\" alt=\"\" class=\"wp-image-1443\" srcset=\"http:\/\/www.rmbs.es\/blog\/biblioteca-los-carteros\/wp-content\/uploads\/2025\/04\/CUENTO-768x1024.jpg 768w, http:\/\/www.rmbs.es\/blog\/biblioteca-los-carteros\/wp-content\/uploads\/2025\/04\/CUENTO-225x300.jpg 225w, http:\/\/www.rmbs.es\/blog\/biblioteca-los-carteros\/wp-content\/uploads\/2025\/04\/CUENTO-1152x1536.jpg 1152w, http:\/\/www.rmbs.es\/blog\/biblioteca-los-carteros\/wp-content\/uploads\/2025\/04\/CUENTO-1536x2048.jpg 1536w, http:\/\/www.rmbs.es\/blog\/biblioteca-los-carteros\/wp-content\/uploads\/2025\/04\/CUENTO-113x150.jpg 113w, http:\/\/www.rmbs.es\/blog\/biblioteca-los-carteros\/wp-content\/uploads\/2025\/04\/CUENTO-18x24.jpg 18w, http:\/\/www.rmbs.es\/blog\/biblioteca-los-carteros\/wp-content\/uploads\/2025\/04\/CUENTO-27x36.jpg 27w, http:\/\/www.rmbs.es\/blog\/biblioteca-los-carteros\/wp-content\/uploads\/2025\/04\/CUENTO-36x48.jpg 36w, http:\/\/www.rmbs.es\/blog\/biblioteca-los-carteros\/wp-content\/uploads\/2025\/04\/CUENTO-scaled.jpg 1920w\" sizes=\"(max-width: 768px) 100vw, 768px\" \/><\/a><\/figure>\n","protected":false},"excerpt":{"rendered":"<p>La biblioteca Los carteros participa en el proyecto de huerto urbano ecol\u00f3gico que se ha puesto en marcha en el centro c\u00edvico. Como complemento a nuestro proyecto de Semillateca y Bibliokepos. Ya que las semillas son la esencia para que crezcan las plantas y son imprescindibles para que se desarrollen y florezcan. En esta primera&#8230;<\/p>\n","protected":false},"author":1,"featured_media":1442,"comment_status":"open","ping_status":"open","sticky":false,"template":"","format":"standard","meta":{"footnotes":""},"categories":[51,57,54,47,52,55],"tags":[],"_links":{"self":[{"href":"http:\/\/www.rmbs.es\/blog\/biblioteca-los-carteros\/index.php?rest_route=\/wp\/v2\/posts\/1438"}],"collection":[{"href":"http:\/\/www.rmbs.es\/blog\/biblioteca-los-carteros\/index.php?rest_route=\/wp\/v2\/posts"}],"about":[{"href":"http:\/\/www.rmbs.es\/blog\/biblioteca-los-carteros\/index.php?rest_route=\/wp\/v2\/types\/post"}],"author":[{"embeddable":true,"href":"http:\/\/www.rmbs.es\/blog\/biblioteca-los-carteros\/index.php?rest_route=\/wp\/v2\/users\/1"}],"replies":[{"embeddable":true,"href":"http:\/\/www.rmbs.es\/blog\/biblioteca-los-carteros\/index.php?rest_route=%2Fwp%2Fv2%2Fcomments&post=1438"}],"version-history":[{"count":1,"href":"http:\/\/www.rmbs.es\/blog\/biblioteca-los-carteros\/index.php?rest_route=\/wp\/v2\/posts\/1438\/revisions"}],"predecessor-version":[{"id":1444,"href":"http:\/\/www.rmbs.es\/blog\/biblioteca-los-carteros\/index.php?rest_route=\/wp\/v2\/posts\/1438\/revisions\/1444"}],"wp:featuredmedia":[{"embeddable":true,"href":"http:\/\/www.rmbs.es\/blog\/biblioteca-los-carteros\/index.php?rest_route=\/wp\/v2\/media\/1442"}],"wp:attachment":[{"href":"http:\/\/www.rmbs.es\/blog\/biblioteca-los-carteros\/index.php?rest_route=%2Fwp%2Fv2%2Fmedia&parent=1438"}],"wp:term":[{"taxonomy":"category","embeddable":true,"href":"http:\/\/www.rmbs.es\/blog\/biblioteca-los-carteros\/index.php?rest_route=%2Fwp%2Fv2%2Fcategories&post=1438"},{"taxonomy":"post_tag","embeddable":true,"href":"http:\/\/www.rmbs.es\/blog\/biblioteca-los-carteros\/index.php?rest_route=%2Fwp%2Fv2%2Ftags&post=1438"}],"curies":[{"name":"wp","href":"https:\/\/api.w.org\/{rel}","templated":true}]}}