{"id":1072,"date":"2018-10-09T10:12:26","date_gmt":"2018-10-09T10:12:26","guid":{"rendered":"http:\/\/www.rmbs.es\/blog\/biblioteca-los-carteros\/?p=1072"},"modified":"2018-10-09T10:15:35","modified_gmt":"2018-10-09T10:15:35","slug":"miercoles-10-de-octubre-cuentacuentos","status":"publish","type":"post","link":"http:\/\/www.rmbs.es\/blog\/biblioteca-los-carteros\/?p=1072","title":{"rendered":"MI\u00c9RCOLES 10 DE OCTUBRE CUENTACUENTOS"},"content":{"rendered":"<p>El pasado mi\u00e9rcoles inauguramos nuestra temporada de cuentacuentos con <a href=\"https:\/\/www.google.com\/url?sa=t&amp;rct=j&amp;q=&amp;esrc=s&amp;source=web&amp;cd=1&amp;cad=rja&amp;uact=8&amp;ved=2ahUKEwjcmbLIjfndAhUMzqQKHdBwCs4QFjAAegQICRAB&amp;url=http%3A%2F%2Faliciabululu.tumblr.com%2F&amp;usg=AOvVaw2xTFgiQRgR8hTYDoG9YCKF\">Alicia Bulul\u00fa<\/a>&#8230; Ma\u00f1ana de nuevo la esperamos en nuestra biblioteca&#8230;.Uhhhhh\u00a1\u00a1\u00a1\u00a1 No te dejes enga\u00f1ar por el aspecto tan serio de Afan\u00e1siev, el autor ruso que hoy Alicia nos presenta &#8230;seg\u00fan dicen son cuentos locos, locos&#8230;atrevidos y rocambolescos. Os esperamos!!!<\/p>\n","protected":false},"excerpt":{"rendered":"<p>El pasado mi\u00e9rcoles inauguramos nuestra temporada de cuentacuentos con Alicia Bulul\u00fa&#8230; Ma\u00f1ana de nuevo la esperamos en nuestra biblioteca&#8230;.Uhhhhh\u00a1\u00a1\u00a1\u00a1 No te dejes enga\u00f1ar por el aspecto tan serio de Afan\u00e1siev, el autor ruso que hoy Alicia nos presenta &#8230;seg\u00fan dicen son cuentos locos, locos&#8230;atrevidos y rocambolescos. Os esperamos!!!<\/p>\n","protected":false},"author":1,"featured_media":1075,"comment_status":"open","ping_status":"open","sticky":false,"template":"","format":"standard","meta":{"footnotes":""},"categories":[24,22,23,42],"tags":[],"_links":{"self":[{"href":"http:\/\/www.rmbs.es\/blog\/biblioteca-los-carteros\/index.php?rest_route=\/wp\/v2\/posts\/1072"}],"collection":[{"href":"http:\/\/www.rmbs.es\/blog\/biblioteca-los-carteros\/index.php?rest_route=\/wp\/v2\/posts"}],"about":[{"href":"http:\/\/www.rmbs.es\/blog\/biblioteca-los-carteros\/index.php?rest_route=\/wp\/v2\/types\/post"}],"author":[{"embeddable":true,"href":"http:\/\/www.rmbs.es\/blog\/biblioteca-los-carteros\/index.php?rest_route=\/wp\/v2\/users\/1"}],"replies":[{"embeddable":true,"href":"http:\/\/www.rmbs.es\/blog\/biblioteca-los-carteros\/index.php?rest_route=%2Fwp%2Fv2%2Fcomments&post=1072"}],"version-history":[{"count":2,"href":"http:\/\/www.rmbs.es\/blog\/biblioteca-los-carteros\/index.php?rest_route=\/wp\/v2\/posts\/1072\/revisions"}],"predecessor-version":[{"id":1076,"href":"http:\/\/www.rmbs.es\/blog\/biblioteca-los-carteros\/index.php?rest_route=\/wp\/v2\/posts\/1072\/revisions\/1076"}],"wp:featuredmedia":[{"embeddable":true,"href":"http:\/\/www.rmbs.es\/blog\/biblioteca-los-carteros\/index.php?rest_route=\/wp\/v2\/media\/1075"}],"wp:attachment":[{"href":"http:\/\/www.rmbs.es\/blog\/biblioteca-los-carteros\/index.php?rest_route=%2Fwp%2Fv2%2Fmedia&parent=1072"}],"wp:term":[{"taxonomy":"category","embeddable":true,"href":"http:\/\/www.rmbs.es\/blog\/biblioteca-los-carteros\/index.php?rest_route=%2Fwp%2Fv2%2Fcategories&post=1072"},{"taxonomy":"post_tag","embeddable":true,"href":"http:\/\/www.rmbs.es\/blog\/biblioteca-los-carteros\/index.php?rest_route=%2Fwp%2Fv2%2Ftags&post=1072"}],"curies":[{"name":"wp","href":"https:\/\/api.w.org\/{rel}","templated":true}]}}