{"id":1067,"date":"2018-10-01T08:28:55","date_gmt":"2018-10-01T08:28:55","guid":{"rendered":"http:\/\/www.rmbs.es\/blog\/biblioteca-los-carteros\/?p=1067"},"modified":"2018-10-01T08:51:49","modified_gmt":"2018-10-01T08:51:49","slug":"comienzan-las-actividades","status":"publish","type":"post","link":"http:\/\/www.rmbs.es\/blog\/biblioteca-los-carteros\/?p=1067","title":{"rendered":"COMIENZAN LAS ACTIVIDADES"},"content":{"rendered":"<p style=\"text-align: justify;\">Este mi\u00e9rcoles 3 de octubre a las seis de la tarde comenzamos la programaci\u00f3n de actividades en nuestra biblioteca. <a href=\"http:\/\/aliciabululu.tumblr.com\/\">Alicia Bulul\u00fa<\/a> nos acerca la maravillosa Rusia a trav\u00e9s de sus cuentos. Este pa\u00eds, sus costumbres, su paisaje, su literatura ser\u00e1 el hilo conductor de nuestra programaci\u00f3n este trimestre , que puedes consultar en nuestra pesta\u00f1a de la derecha \u00abProgramaci\u00f3n cultural\u00bb.<\/p>\n","protected":false},"excerpt":{"rendered":"<p>Este mi\u00e9rcoles 3 de octubre a las seis de la tarde comenzamos la programaci\u00f3n de actividades en nuestra biblioteca. Alicia Bulul\u00fa nos acerca la maravillosa Rusia a trav\u00e9s de sus cuentos. Este pa\u00eds, sus costumbres, su paisaje, su literatura ser\u00e1 el hilo conductor de nuestra programaci\u00f3n este trimestre , que puedes consultar en nuestra pesta\u00f1a&#8230;<\/p>\n","protected":false},"author":1,"featured_media":1068,"comment_status":"open","ping_status":"open","sticky":false,"template":"","format":"standard","meta":{"footnotes":""},"categories":[24,22,23],"tags":[],"_links":{"self":[{"href":"http:\/\/www.rmbs.es\/blog\/biblioteca-los-carteros\/index.php?rest_route=\/wp\/v2\/posts\/1067"}],"collection":[{"href":"http:\/\/www.rmbs.es\/blog\/biblioteca-los-carteros\/index.php?rest_route=\/wp\/v2\/posts"}],"about":[{"href":"http:\/\/www.rmbs.es\/blog\/biblioteca-los-carteros\/index.php?rest_route=\/wp\/v2\/types\/post"}],"author":[{"embeddable":true,"href":"http:\/\/www.rmbs.es\/blog\/biblioteca-los-carteros\/index.php?rest_route=\/wp\/v2\/users\/1"}],"replies":[{"embeddable":true,"href":"http:\/\/www.rmbs.es\/blog\/biblioteca-los-carteros\/index.php?rest_route=%2Fwp%2Fv2%2Fcomments&post=1067"}],"version-history":[{"count":2,"href":"http:\/\/www.rmbs.es\/blog\/biblioteca-los-carteros\/index.php?rest_route=\/wp\/v2\/posts\/1067\/revisions"}],"predecessor-version":[{"id":1070,"href":"http:\/\/www.rmbs.es\/blog\/biblioteca-los-carteros\/index.php?rest_route=\/wp\/v2\/posts\/1067\/revisions\/1070"}],"wp:featuredmedia":[{"embeddable":true,"href":"http:\/\/www.rmbs.es\/blog\/biblioteca-los-carteros\/index.php?rest_route=\/wp\/v2\/media\/1068"}],"wp:attachment":[{"href":"http:\/\/www.rmbs.es\/blog\/biblioteca-los-carteros\/index.php?rest_route=%2Fwp%2Fv2%2Fmedia&parent=1067"}],"wp:term":[{"taxonomy":"category","embeddable":true,"href":"http:\/\/www.rmbs.es\/blog\/biblioteca-los-carteros\/index.php?rest_route=%2Fwp%2Fv2%2Fcategories&post=1067"},{"taxonomy":"post_tag","embeddable":true,"href":"http:\/\/www.rmbs.es\/blog\/biblioteca-los-carteros\/index.php?rest_route=%2Fwp%2Fv2%2Ftags&post=1067"}],"curies":[{"name":"wp","href":"https:\/\/api.w.org\/{rel}","templated":true}]}}