{"id":1049,"date":"2018-05-30T09:35:05","date_gmt":"2018-05-30T09:35:05","guid":{"rendered":"http:\/\/www.rmbs.es\/blog\/biblioteca-los-carteros\/?p=1049"},"modified":"2018-05-30T09:35:05","modified_gmt":"2018-05-30T09:35:05","slug":"30-mayo","status":"publish","type":"post","link":"http:\/\/www.rmbs.es\/blog\/biblioteca-los-carteros\/?p=1049","title":{"rendered":"30 MAYO"},"content":{"rendered":"<p style=\"text-align: justify;\"><span style=\"color: #99cc00;\"><span style=\"color: #000000;\"><strong>LA HORA DEL CUENTO<\/strong>: No olvidaros que c<\/span><\/span><span style=\"color: #000000;\">omo todos los mi\u00e9rcoles, tendremos cuentacuentos en la Biblioteca. Y ser\u00e1 el \u00faltimo hasta octubre \u00a1Os esperamos a todos a las 18:00 h!<br \/>\n<\/span><\/p>\n<p style=\"text-align: justify;\"><span style=\"color: #000000;\"> P\u00fablico infantil a partir de tres a\u00f1os. <\/span><\/p>\n","protected":false},"excerpt":{"rendered":"<p>LA HORA DEL CUENTO: No olvidaros que como todos los mi\u00e9rcoles, tendremos cuentacuentos en la Biblioteca. Y ser\u00e1 el \u00faltimo hasta octubre \u00a1Os esperamos a todos a las 18:00 h! P\u00fablico infantil a partir de tres a\u00f1os.<\/p>\n","protected":false},"author":1,"featured_media":866,"comment_status":"open","ping_status":"open","sticky":false,"template":"","format":"standard","meta":{"footnotes":""},"categories":[1],"tags":[],"_links":{"self":[{"href":"http:\/\/www.rmbs.es\/blog\/biblioteca-los-carteros\/index.php?rest_route=\/wp\/v2\/posts\/1049"}],"collection":[{"href":"http:\/\/www.rmbs.es\/blog\/biblioteca-los-carteros\/index.php?rest_route=\/wp\/v2\/posts"}],"about":[{"href":"http:\/\/www.rmbs.es\/blog\/biblioteca-los-carteros\/index.php?rest_route=\/wp\/v2\/types\/post"}],"author":[{"embeddable":true,"href":"http:\/\/www.rmbs.es\/blog\/biblioteca-los-carteros\/index.php?rest_route=\/wp\/v2\/users\/1"}],"replies":[{"embeddable":true,"href":"http:\/\/www.rmbs.es\/blog\/biblioteca-los-carteros\/index.php?rest_route=%2Fwp%2Fv2%2Fcomments&post=1049"}],"version-history":[{"count":1,"href":"http:\/\/www.rmbs.es\/blog\/biblioteca-los-carteros\/index.php?rest_route=\/wp\/v2\/posts\/1049\/revisions"}],"predecessor-version":[{"id":1050,"href":"http:\/\/www.rmbs.es\/blog\/biblioteca-los-carteros\/index.php?rest_route=\/wp\/v2\/posts\/1049\/revisions\/1050"}],"wp:featuredmedia":[{"embeddable":true,"href":"http:\/\/www.rmbs.es\/blog\/biblioteca-los-carteros\/index.php?rest_route=\/wp\/v2\/media\/866"}],"wp:attachment":[{"href":"http:\/\/www.rmbs.es\/blog\/biblioteca-los-carteros\/index.php?rest_route=%2Fwp%2Fv2%2Fmedia&parent=1049"}],"wp:term":[{"taxonomy":"category","embeddable":true,"href":"http:\/\/www.rmbs.es\/blog\/biblioteca-los-carteros\/index.php?rest_route=%2Fwp%2Fv2%2Fcategories&post=1049"},{"taxonomy":"post_tag","embeddable":true,"href":"http:\/\/www.rmbs.es\/blog\/biblioteca-los-carteros\/index.php?rest_route=%2Fwp%2Fv2%2Ftags&post=1049"}],"curies":[{"name":"wp","href":"https:\/\/api.w.org\/{rel}","templated":true}]}}