{"id":1037,"date":"2018-05-22T08:47:36","date_gmt":"2018-05-22T08:47:36","guid":{"rendered":"http:\/\/www.rmbs.es\/blog\/biblioteca-los-carteros\/?p=1037"},"modified":"2018-05-22T08:59:07","modified_gmt":"2018-05-22T08:59:07","slug":"la-hora-del-cuento","status":"publish","type":"post","link":"http:\/\/www.rmbs.es\/blog\/biblioteca-los-carteros\/?p=1037","title":{"rendered":"23 DE MAYO"},"content":{"rendered":"<p style=\"text-align: justify;\"><strong>LA HORA DEL CUENTO<\/strong>. Ma\u00f1ana mi\u00e9rcoles 23 de mayo continuamos con nuestra hora del cuento. En esta ocasi\u00f3n nos divertiremos escuchando las historias que\u00a0Alicia Bulul\u00fa nos narra sobre libros y cine. No lo olvides!!! Te esperamos a las 18.00h. Lo pasaremos de pel\u00edcula!!!<\/p>\n","protected":false},"excerpt":{"rendered":"<p>LA HORA DEL CUENTO. Ma\u00f1ana mi\u00e9rcoles 23 de mayo continuamos con nuestra hora del cuento. En esta ocasi\u00f3n nos divertiremos escuchando las historias que\u00a0Alicia Bulul\u00fa nos narra sobre libros y cine. No lo olvides!!! Te esperamos a las 18.00h. Lo pasaremos de pel\u00edcula!!!<\/p>\n","protected":false},"author":1,"featured_media":1038,"comment_status":"open","ping_status":"open","sticky":false,"template":"","format":"standard","meta":{"footnotes":""},"categories":[38,25,24,22,23],"tags":[],"_links":{"self":[{"href":"http:\/\/www.rmbs.es\/blog\/biblioteca-los-carteros\/index.php?rest_route=\/wp\/v2\/posts\/1037"}],"collection":[{"href":"http:\/\/www.rmbs.es\/blog\/biblioteca-los-carteros\/index.php?rest_route=\/wp\/v2\/posts"}],"about":[{"href":"http:\/\/www.rmbs.es\/blog\/biblioteca-los-carteros\/index.php?rest_route=\/wp\/v2\/types\/post"}],"author":[{"embeddable":true,"href":"http:\/\/www.rmbs.es\/blog\/biblioteca-los-carteros\/index.php?rest_route=\/wp\/v2\/users\/1"}],"replies":[{"embeddable":true,"href":"http:\/\/www.rmbs.es\/blog\/biblioteca-los-carteros\/index.php?rest_route=%2Fwp%2Fv2%2Fcomments&post=1037"}],"version-history":[{"count":5,"href":"http:\/\/www.rmbs.es\/blog\/biblioteca-los-carteros\/index.php?rest_route=\/wp\/v2\/posts\/1037\/revisions"}],"predecessor-version":[{"id":1043,"href":"http:\/\/www.rmbs.es\/blog\/biblioteca-los-carteros\/index.php?rest_route=\/wp\/v2\/posts\/1037\/revisions\/1043"}],"wp:featuredmedia":[{"embeddable":true,"href":"http:\/\/www.rmbs.es\/blog\/biblioteca-los-carteros\/index.php?rest_route=\/wp\/v2\/media\/1038"}],"wp:attachment":[{"href":"http:\/\/www.rmbs.es\/blog\/biblioteca-los-carteros\/index.php?rest_route=%2Fwp%2Fv2%2Fmedia&parent=1037"}],"wp:term":[{"taxonomy":"category","embeddable":true,"href":"http:\/\/www.rmbs.es\/blog\/biblioteca-los-carteros\/index.php?rest_route=%2Fwp%2Fv2%2Fcategories&post=1037"},{"taxonomy":"post_tag","embeddable":true,"href":"http:\/\/www.rmbs.es\/blog\/biblioteca-los-carteros\/index.php?rest_route=%2Fwp%2Fv2%2Ftags&post=1037"}],"curies":[{"name":"wp","href":"https:\/\/api.w.org\/{rel}","templated":true}]}}