{"id":4182,"date":"2026-04-14T15:23:55","date_gmt":"2026-04-14T13:23:55","guid":{"rendered":"https:\/\/www.rmbs.es\/blog\/biblioteca-entreparques\/?p=4182"},"modified":"2026-04-14T15:23:56","modified_gmt":"2026-04-14T13:23:56","slug":"ruta-cultural-anibal-gonzalez-y-regionalismo-andaluz","status":"publish","type":"post","link":"http:\/\/www.rmbs.es\/blog\/biblioteca-entreparques\/?p=4182","title":{"rendered":"Ruta cultural An\u00edbal Gonz\u00e1lez y Regionalismo andaluz"},"content":{"rendered":"\n<ul><li>8 de mayo 2026<\/li><\/ul>\n\n\n\n<h2 id=\"ep_single_event_title\"><\/h2>\n\n\n\n<p><strong>Entreparques<\/strong> C\/ Corral de los Olmos, s\/n Centro C\u00edvico Entreparques 41008 <strong>Por<\/strong> \u00c1ngeles L\u00f3pez<\/p>\n\n\n\n<p>Rutas literarias, art\u00edsticas y culturales<\/p>\n\n\n\n<p><strong>Destinatarios:<\/strong>\u00a0P\u00fablico Adulto<br><strong>Horario:<\/strong>\u00a0a las 17:30<br><strong>Inscripciones:<\/strong>\u00a0Previa inscripci\u00f3n a la biblioteca<\/p>\n\n\n\n<p>Este 2026 se celebra el\u00a0<strong>150 aniversario<\/strong>\u00a0del nacimiento de\u00a0<strong>An\u00edbal Gonz\u00e1lez<\/strong>, el gran referente del regionalismo andaluz. Conoceremos de la mano de \u00c1ngeles sus creaciones m\u00e1s ic\u00f3nicas destacan la majestuosa\u00a0<strong>Plaza de Espa\u00f1a<\/strong>\u00a0y la\u00a0<strong>Plaza de Am\u00e9rica<\/strong>\u00a0con sus tres pabellones (Mud\u00e9jar, Real y de Bellas Artes) en el Parque de Mar\u00eda Luisa. Tambi\u00e9n son fundamentales la pintoresca\u00a0<strong>Capillita del Carmen<\/strong>\u00a0junto al Puente de Triana, el edificio neomud\u00e9jar de\u00a0<strong>El Gallo Azul<\/strong>\u00a0y sus elegantes mansiones en la\u00a0<strong>Avenida de la Palmera<\/strong>. Su legado transform\u00f3 Sevilla para la Exposici\u00f3n Iberoamericana de 1929, definiendo la identidad arquitect\u00f3nica de la ciudad con el uso maestro del ladrillo y la cer\u00e1mica&#8230; bueno y lo que de tiempo.<\/p>\n\n\n\n<p><\/p>\n\n\n\n<figure class=\"wp-block-image size-full\"><a href=\"https:\/\/www.rmbs.es\/blog\/biblioteca-entreparques\/wp-content\/uploads\/2026\/04\/image.jpeg\"><img loading=\"lazy\" width=\"206\" height=\"244\" src=\"https:\/\/www.rmbs.es\/blog\/biblioteca-entreparques\/wp-content\/uploads\/2026\/04\/image.jpeg\" alt=\"\" class=\"wp-image-4183\" srcset=\"http:\/\/www.rmbs.es\/blog\/biblioteca-entreparques\/wp-content\/uploads\/2026\/04\/image.jpeg 206w, http:\/\/www.rmbs.es\/blog\/biblioteca-entreparques\/wp-content\/uploads\/2026\/04\/image-127x150.jpeg 127w, http:\/\/www.rmbs.es\/blog\/biblioteca-entreparques\/wp-content\/uploads\/2026\/04\/image-20x24.jpeg 20w, http:\/\/www.rmbs.es\/blog\/biblioteca-entreparques\/wp-content\/uploads\/2026\/04\/image-30x36.jpeg 30w, http:\/\/www.rmbs.es\/blog\/biblioteca-entreparques\/wp-content\/uploads\/2026\/04\/image-41x48.jpeg 41w\" sizes=\"(max-width: 206px) 100vw, 206px\" \/><\/a><figcaption>Estatua de An\u00edbal Gonz\u00e1lez en la Plaza Espa\u00f1a <\/figcaption><\/figure>\n\n\n\n<p><a><\/a><\/p>\n\n\n\n<figure class=\"wp-block-image\"><img src=\"https:\/\/rmbs.es\/wp-content\/uploads\/2026\/03\/2026-04-30-2.webp\" alt=\"Rutas literarias\"\/><\/figure>\n","protected":false},"excerpt":{"rendered":"<p>8 de mayo 2026 Entreparques C\/ Corral de los Olmos, s\/n Centro C\u00edvico Entreparques 41008 Por \u00c1ngeles L\u00f3pez Rutas literarias, art\u00edsticas y culturales Destinatarios:\u00a0P\u00fablico AdultoHorario:\u00a0a las 17:30Inscripciones:\u00a0Previa inscripci\u00f3n a la biblioteca Este 2026 se celebra el\u00a0150 aniversario\u00a0del nacimiento de\u00a0An\u00edbal Gonz\u00e1lez, el gran referente del regionalismo andaluz. Conoceremos de la mano de \u00c1ngeles sus creaciones m\u00e1s&#8230;<\/p>\n","protected":false},"author":1,"featured_media":0,"comment_status":"open","ping_status":"open","sticky":false,"template":"","format":"standard","meta":[],"categories":[1],"tags":[],"_links":{"self":[{"href":"http:\/\/www.rmbs.es\/blog\/biblioteca-entreparques\/index.php?rest_route=\/wp\/v2\/posts\/4182"}],"collection":[{"href":"http:\/\/www.rmbs.es\/blog\/biblioteca-entreparques\/index.php?rest_route=\/wp\/v2\/posts"}],"about":[{"href":"http:\/\/www.rmbs.es\/blog\/biblioteca-entreparques\/index.php?rest_route=\/wp\/v2\/types\/post"}],"author":[{"embeddable":true,"href":"http:\/\/www.rmbs.es\/blog\/biblioteca-entreparques\/index.php?rest_route=\/wp\/v2\/users\/1"}],"replies":[{"embeddable":true,"href":"http:\/\/www.rmbs.es\/blog\/biblioteca-entreparques\/index.php?rest_route=%2Fwp%2Fv2%2Fcomments&post=4182"}],"version-history":[{"count":1,"href":"http:\/\/www.rmbs.es\/blog\/biblioteca-entreparques\/index.php?rest_route=\/wp\/v2\/posts\/4182\/revisions"}],"predecessor-version":[{"id":4184,"href":"http:\/\/www.rmbs.es\/blog\/biblioteca-entreparques\/index.php?rest_route=\/wp\/v2\/posts\/4182\/revisions\/4184"}],"wp:attachment":[{"href":"http:\/\/www.rmbs.es\/blog\/biblioteca-entreparques\/index.php?rest_route=%2Fwp%2Fv2%2Fmedia&parent=4182"}],"wp:term":[{"taxonomy":"category","embeddable":true,"href":"http:\/\/www.rmbs.es\/blog\/biblioteca-entreparques\/index.php?rest_route=%2Fwp%2Fv2%2Fcategories&post=4182"},{"taxonomy":"post_tag","embeddable":true,"href":"http:\/\/www.rmbs.es\/blog\/biblioteca-entreparques\/index.php?rest_route=%2Fwp%2Fv2%2Ftags&post=4182"}],"curies":[{"name":"wp","href":"https:\/\/api.w.org\/{rel}","templated":true}]}}