{"id":4109,"date":"2026-03-03T16:36:35","date_gmt":"2026-03-03T14:36:35","guid":{"rendered":"https:\/\/www.rmbs.es\/blog\/biblioteca-entreparques\/?p=4109"},"modified":"2026-03-03T16:36:36","modified_gmt":"2026-03-03T14:36:36","slug":"el-28-f-el-dia-que-andalucia-dijo-aqui-estamos","status":"publish","type":"post","link":"http:\/\/www.rmbs.es\/blog\/biblioteca-entreparques\/?p=4109","title":{"rendered":"El 28-F: El d\u00eda que Andaluc\u00eda dijo \u00abAqu\u00ed estamos\u00bb"},"content":{"rendered":"\n<figure class=\"wp-block-image size-large is-style-rounded\"><a href=\"https:\/\/www.rmbs.es\/blog\/biblioteca-entreparques\/wp-content\/uploads\/2026\/03\/image.png\"><img loading=\"lazy\" width=\"1024\" height=\"1024\" src=\"https:\/\/www.rmbs.es\/blog\/biblioteca-entreparques\/wp-content\/uploads\/2026\/03\/image-1024x1024.png\" alt=\"\" class=\"wp-image-4110\" srcset=\"http:\/\/www.rmbs.es\/blog\/biblioteca-entreparques\/wp-content\/uploads\/2026\/03\/image-1024x1024.png 1024w, http:\/\/www.rmbs.es\/blog\/biblioteca-entreparques\/wp-content\/uploads\/2026\/03\/image-300x300.png 300w, http:\/\/www.rmbs.es\/blog\/biblioteca-entreparques\/wp-content\/uploads\/2026\/03\/image-150x150.png 150w, http:\/\/www.rmbs.es\/blog\/biblioteca-entreparques\/wp-content\/uploads\/2026\/03\/image-768x768.png 768w, http:\/\/www.rmbs.es\/blog\/biblioteca-entreparques\/wp-content\/uploads\/2026\/03\/image-1536x1536.png 1536w, http:\/\/www.rmbs.es\/blog\/biblioteca-entreparques\/wp-content\/uploads\/2026\/03\/image-2048x2048.png 2048w, http:\/\/www.rmbs.es\/blog\/biblioteca-entreparques\/wp-content\/uploads\/2026\/03\/image-24x24.png 24w, http:\/\/www.rmbs.es\/blog\/biblioteca-entreparques\/wp-content\/uploads\/2026\/03\/image-36x36.png 36w, http:\/\/www.rmbs.es\/blog\/biblioteca-entreparques\/wp-content\/uploads\/2026\/03\/image-48x48.png 48w\" sizes=\"(max-width: 1024px) 100vw, 1024px\" \/><\/a><\/figure>\n\n\n\n<p>Mucha gente cree que el D\u00eda de Andaluc\u00eda es solo para comer pan con aceite en el cole, pero detr\u00e1s hay una historia de <strong>rebeld\u00eda y orgullo<\/strong>.<\/p>\n\n\n\n<h3>1. El origen: No quer\u00edamos ser menos<\/h3>\n\n\n\n<p>Despu\u00e9s de la dictadura, en Espa\u00f1a se empezaron a crear las comunidades aut\u00f3nomas. El Gobierno de entonces dise\u00f1\u00f3 un plan de \u00abdos velocidades\u00bb:<\/p>\n\n\n\n<ul><li><strong>V\u00eda r\u00e1pida (Art\u00edculo 151):<\/strong> Para las comunidades \u00abhist\u00f3ricas\u00bb (Galicia, Catalu\u00f1a y Pa\u00eds Vasco). Ten\u00edan m\u00e1s competencias y m\u00e1s r\u00e1pido.<\/li><li><strong>V\u00eda lenta (Art\u00edculo 143):<\/strong> Para el resto, incluida Andaluc\u00eda.<\/li><\/ul>\n\n\n\n<p><strong>Andaluc\u00eda se plant\u00f3.<\/strong> Los andaluces no aceptaron ser una comunidad de \u00absegunda clase\u00bb y exigieron la v\u00eda r\u00e1pida.<\/p>\n\n\n\n<h3>2. El Refer\u00e9ndum de 1980 (La fecha clave)<\/h3>\n\n\n\n<p>El <strong>28 de febrero de 1980<\/strong> se convoc\u00f3 a los andaluces a las urnas. El Gobierno central puso much\u00edsimas trabas: la campa\u00f1a a favor del \u00abS\u00cd\u00bb estaba casi prohibida en televisi\u00f3n y las condiciones para ganar eran loqu\u00edsimas (ten\u00eda que votar que s\u00ed la mayor\u00eda absoluta de <strong>todo el censo<\/strong>, no solo de los que fueran a votar).<\/p>\n\n\n\n<p><strong>\u00bfQu\u00e9 pas\u00f3?<\/strong><\/p>\n\n\n\n<ul><li>Andaluc\u00eda se volc\u00f3. Hubo una movilizaci\u00f3n masiva.<\/li><li>Se gan\u00f3 en casi todas las provincias por goleada.<\/li><li><strong>El l\u00edo de Almer\u00eda:<\/strong> En Almer\u00eda no se lleg\u00f3 al 50% del censo (por muy poco), lo que legalmente bloqueaba el proceso. Pero la presi\u00f3n popular fue tan bestia que el Gobierno tuvo que desbloquearlo por ley meses despu\u00e9s.<\/li><\/ul>\n\n\n\n<h3>3. Los s\u00edmbolos que ver\u00e1s ese d\u00eda<\/h3>\n\n\n\n<ul><li><strong>Blas Infante:<\/strong> Considerado el \u00abPadre de la Patria Andaluza\u00bb. \u00c9l fue quien recuper\u00f3 la bandera verde y blanca y compuso el himno (basado en un canto religioso que los campesinos cantaban durante la siega).<\/li><li><strong>El Escudo:<\/strong> H\u00e9rcules entre las dos columnas (el Estrecho de Gibraltar), dominando a dos leones. Representa la fuerza y la paz.<\/li><\/ul>\n","protected":false},"excerpt":{"rendered":"<p>Mucha gente cree que el D\u00eda de Andaluc\u00eda es solo para comer pan con aceite en el cole, pero detr\u00e1s hay una historia de rebeld\u00eda y orgullo. 1. El origen: No quer\u00edamos ser menos Despu\u00e9s de la dictadura, en Espa\u00f1a se empezaron a crear las comunidades aut\u00f3nomas. El Gobierno de entonces dise\u00f1\u00f3 un plan de&#8230;<\/p>\n","protected":false},"author":1,"featured_media":0,"comment_status":"open","ping_status":"open","sticky":false,"template":"","format":"standard","meta":[],"categories":[1],"tags":[],"_links":{"self":[{"href":"http:\/\/www.rmbs.es\/blog\/biblioteca-entreparques\/index.php?rest_route=\/wp\/v2\/posts\/4109"}],"collection":[{"href":"http:\/\/www.rmbs.es\/blog\/biblioteca-entreparques\/index.php?rest_route=\/wp\/v2\/posts"}],"about":[{"href":"http:\/\/www.rmbs.es\/blog\/biblioteca-entreparques\/index.php?rest_route=\/wp\/v2\/types\/post"}],"author":[{"embeddable":true,"href":"http:\/\/www.rmbs.es\/blog\/biblioteca-entreparques\/index.php?rest_route=\/wp\/v2\/users\/1"}],"replies":[{"embeddable":true,"href":"http:\/\/www.rmbs.es\/blog\/biblioteca-entreparques\/index.php?rest_route=%2Fwp%2Fv2%2Fcomments&post=4109"}],"version-history":[{"count":1,"href":"http:\/\/www.rmbs.es\/blog\/biblioteca-entreparques\/index.php?rest_route=\/wp\/v2\/posts\/4109\/revisions"}],"predecessor-version":[{"id":4111,"href":"http:\/\/www.rmbs.es\/blog\/biblioteca-entreparques\/index.php?rest_route=\/wp\/v2\/posts\/4109\/revisions\/4111"}],"wp:attachment":[{"href":"http:\/\/www.rmbs.es\/blog\/biblioteca-entreparques\/index.php?rest_route=%2Fwp%2Fv2%2Fmedia&parent=4109"}],"wp:term":[{"taxonomy":"category","embeddable":true,"href":"http:\/\/www.rmbs.es\/blog\/biblioteca-entreparques\/index.php?rest_route=%2Fwp%2Fv2%2Fcategories&post=4109"},{"taxonomy":"post_tag","embeddable":true,"href":"http:\/\/www.rmbs.es\/blog\/biblioteca-entreparques\/index.php?rest_route=%2Fwp%2Fv2%2Ftags&post=4109"}],"curies":[{"name":"wp","href":"https:\/\/api.w.org\/{rel}","templated":true}]}}