{"id":4105,"date":"2026-03-03T16:31:06","date_gmt":"2026-03-03T14:31:06","guid":{"rendered":"https:\/\/www.rmbs.es\/blog\/biblioteca-entreparques\/?p=4105"},"modified":"2026-03-03T16:31:07","modified_gmt":"2026-03-03T14:31:07","slug":"este-ano-2026-se-celebramos-el-190-aniversario-del-nacimiento-de-gustavo-adolfo-becquer","status":"publish","type":"post","link":"http:\/\/www.rmbs.es\/blog\/biblioteca-entreparques\/?p=4105","title":{"rendered":"Este a\u00f1o 2026 se celebramos el 190 aniversario del nacimiento de Gustavo Adolfo B\u00e9cquer"},"content":{"rendered":"\n<figure class=\"wp-block-image size-large is-style-rounded\"><a href=\"https:\/\/www.rmbs.es\/blog\/biblioteca-entreparques\/wp-content\/uploads\/2026\/03\/bequer-mesa-feb-2026.jpg\"><img loading=\"lazy\" width=\"821\" height=\"1024\" src=\"https:\/\/www.rmbs.es\/blog\/biblioteca-entreparques\/wp-content\/uploads\/2026\/03\/bequer-mesa-feb-2026-821x1024.jpg\" alt=\"\" class=\"wp-image-4107\" srcset=\"http:\/\/www.rmbs.es\/blog\/biblioteca-entreparques\/wp-content\/uploads\/2026\/03\/bequer-mesa-feb-2026-821x1024.jpg 821w, http:\/\/www.rmbs.es\/blog\/biblioteca-entreparques\/wp-content\/uploads\/2026\/03\/bequer-mesa-feb-2026-241x300.jpg 241w, http:\/\/www.rmbs.es\/blog\/biblioteca-entreparques\/wp-content\/uploads\/2026\/03\/bequer-mesa-feb-2026-768x957.jpg 768w, http:\/\/www.rmbs.es\/blog\/biblioteca-entreparques\/wp-content\/uploads\/2026\/03\/bequer-mesa-feb-2026-1232x1536.jpg 1232w, http:\/\/www.rmbs.es\/blog\/biblioteca-entreparques\/wp-content\/uploads\/2026\/03\/bequer-mesa-feb-2026-120x150.jpg 120w, http:\/\/www.rmbs.es\/blog\/biblioteca-entreparques\/wp-content\/uploads\/2026\/03\/bequer-mesa-feb-2026-19x24.jpg 19w, http:\/\/www.rmbs.es\/blog\/biblioteca-entreparques\/wp-content\/uploads\/2026\/03\/bequer-mesa-feb-2026-29x36.jpg 29w, http:\/\/www.rmbs.es\/blog\/biblioteca-entreparques\/wp-content\/uploads\/2026\/03\/bequer-mesa-feb-2026-39x48.jpg 39w, http:\/\/www.rmbs.es\/blog\/biblioteca-entreparques\/wp-content\/uploads\/2026\/03\/bequer-mesa-feb-2026.jpg 1578w\" sizes=\"(max-width: 821px) 100vw, 821px\" \/><\/a><\/figure>\n\n\n\n<p>Este a\u00f1o 2026 se celebra el <strong>190 aniversario del nacimiento de Gustavo Adolfo B\u00e9cquer<\/strong>.<\/p>\n\n\n\n<ul><li><strong>Fecha principal: <\/strong>El natalicio se conmemora el <strong>17 de febrero <\/strong>(naci\u00f3 el 17 de febrero de 1836 en Sevilla).<\/li><li><strong>Celebraciones 2026: <\/strong>Durante el mes de febrero de 2026 se han realizado actos, destacando el homenaje en la Glorieta de B\u00e9cquer en el Parque de Mar\u00eda Luisa de Sevilla y diversas rutas literarias.<\/li><\/ul>\n\n\n\n<p>B\u00e9cquer es uno de los m\u00e1ximos exponentes del posromanticismo en Espa\u00f1a, famoso por sus <em>Rimas y Leyendas<\/em>. Considerado el m\u00e1ximo representante del <strong>Romanticismo tard\u00edo<\/strong> en Espa\u00f1a y el precursor de la poes\u00eda moderna espa\u00f1ola por su estilo \u00edntimo y sencillo.<\/p>\n\n\n\n<h3>Datos Biogr\u00e1ficos<\/h3>\n\n\n\n<ul><li><strong>Nacimiento:<\/strong> 17 de febrero de 1836 en <strong>Sevilla<\/strong>. Hijo de un pintor costumbrista.<\/li><li><strong>Juventud:<\/strong> Qued\u00f3 hu\u00e9rfano de padre y madre a temprana edad. Se traslad\u00f3 a Madrid en 1854 buscando \u00e9xito literario, donde vivi\u00f3 en condiciones de pobreza y precariedad.<\/li><li><strong>Vida Profesional:<\/strong> Trabaj\u00f3 como periodista, traductor y censor oficial de novelas. Su hermano, el pintor <strong>Valeriano B\u00e9cquer<\/strong>, fue su compa\u00f1ero constante y apoyo fundamental.<\/li><li><strong>Vida Personal:<\/strong> Tuvo un matrimonio dif\u00edcil con Casta Esteban, del cual nacieron tres hijos. Pas\u00f3 temporadas en el Monasterio de Veruela para tratar su tuberculosis.<\/li><li><strong>Fallecimiento:<\/strong> Muri\u00f3 en Madrid el <strong>22 de diciembre de 1870<\/strong>, a los 34 a\u00f1os, probablemente de tuberculosis (agravada por problemas econ\u00f3micos y depresi\u00f3n).<\/li><\/ul>\n\n\n\n<hr class=\"wp-block-separator\"\/>\n\n\n\n<h3>Obra Principal<\/h3>\n\n\n\n<p>Su legado no se public\u00f3 en formato de libro hasta despu\u00e9s de su muerte, gracias a que sus amigos recopilaron sus manuscritos.<\/p>\n\n\n\n<ol><li><strong>Rimas:<\/strong> Conjunto de poemas breves, musicales y melanc\u00f3licos que exploran el amor, el desenga\u00f1o, la soledad y la naturaleza de la poes\u00eda.<\/li><li><strong>Leyendas:<\/strong> Relatos en prosa de corte fant\u00e1stico y g\u00f3tico, basados en tradiciones populares y ambientes medievales.<\/li><li><strong>Desde mi celda:<\/strong> Cartas escritas durante su retiro en el Monasterio de Veruela.<\/li><\/ol>\n\n\n\n<p><\/p>\n\n\n\n<h2>Memoria de un alma entregada al ideal<\/h2>\n\n\n\n<p>No s\u00e9 si lo que voy a escribir es historia o es un sue\u00f1o, pues en mi vida, como en mis versos, la frontera entre lo que fue y lo que pudo ser es tan tenue como la niebla sobre el Guadalquivir.<\/p>\n\n\n\n<p>Nac\u00ed en <strong>Sevilla<\/strong>, un 17 de febrero de 1836, bajo el nombre de Gustavo Adolfo Claudio Dom\u00ednguez Bastida. Pero el mundo me conocer\u00eda por el apellido de mis antepasados flamencos: <strong>B\u00e9cquer<\/strong>. La muerte, esa dama silenciosa que siempre me ha seguido de cerca, me arrebat\u00f3 a mi padre siendo yo un ni\u00f1o, y a mi madre poco despu\u00e9s. Qued\u00e9 hu\u00e9rfano, s\u00ed, pero con los ojos llenos de las pinturas de mi padre y el coraz\u00f3n rebosante de las leyendas que susurraban las piedras de mi ciudad.<\/p>\n\n\n\n<h3>La b\u00fasqueda de la gloria en la Villa y Corte<\/h3>\n\n\n\n<p>A los dieciocho a\u00f1os, con la osad\u00eda que solo da la juventud y el hambre de belleza, part\u00ed hacia <strong>Madrid<\/strong>. Cre\u00eda que la literatura me abrir\u00eda sus puertas de par en par, pero encontr\u00e9 un mundo de buhardillas fr\u00edas, redacciones de peri\u00f3dicos apresuradas y un pan que a veces se ganaba a costa de traducir lo que otros sent\u00edan.<\/p>\n\n\n\n<ul><li><strong>El periodismo:<\/strong> Fue mi sustento y mi condena. Escrib\u00ed cr\u00f3nicas, fund\u00e9 revistas y busqu\u00e9 la noticia entre la pol\u00edtica y el arte.<\/li><li><strong>La pintura:<\/strong> Mi hermano Valeriano, mi otra mitad, me acompa\u00f1\u00f3 en este viaje. Juntos retratamos la Espa\u00f1a que se nos iba, \u00e9l con el pincel y yo con la palabra.<\/li><\/ul>\n\n\n\n<h3>El amor y el desenga\u00f1o<\/h3>\n\n\n\n<p>\u00bfQu\u00e9 es la poes\u00eda? Me preguntaron una vez. <strong>Poes\u00eda eres t\u00fa<\/strong>, respond\u00ed, aunque ese \u00abt\u00fa\u00bb cambiara de rostro y de nombre. Am\u00e9 sombras, am\u00e9 ideales y sufr\u00ed el rigor de la realidad. Mi matrimonio con Casta Esteban fue un refugio que termin\u00f3 en tormenta, y entre los muros del <strong>Monasterio de Veruela<\/strong>, busqu\u00e9 la salud que mi pecho me negaba y la paz que el ruido de Madrid me robaba. All\u00ed, entre las cartas desde mi celda, comprend\u00ed que el esp\u00edritu vive m\u00e1s all\u00e1 de la carne.<\/p>\n\n\n\n<blockquote class=\"wp-block-quote\"><p>\u00abPodr\u00e1 no haber poetas; pero siempre habr\u00e1 poes\u00eda.\u00bb<\/p><\/blockquote>\n\n\n\n<h3>El suspiro final<\/h3>\n\n\n\n<p>Siento que el aire se vuelve pesado y que las golondrinas pronto colgar\u00e1n sus nidos en otros balcones. He vivido para atrapar lo inasible: la luz de una mirada, el eco de un suspiro, el misterio de una leyenda que se desvanece al alba. No dejo grandes fortunas, solo un pu\u00f1ado de rimas y relatos que son los pedazos de mi propio coraz\u00f3n.<\/p>\n\n\n\n<p>Si alg\u00fan d\u00eda pas\u00e1is por donde duermen mis restos, no busqu\u00e9is m\u00e1rmoles fr\u00edos. Buscadme en el aire que vibra, en el beso de dos amantes o en el silencio de una catedral. Porque all\u00ed, donde habite el olvido, es donde finalmente ser\u00e9 libre.<\/p>\n","protected":false},"excerpt":{"rendered":"<p>Este a\u00f1o 2026 se celebra el 190 aniversario del nacimiento de Gustavo Adolfo B\u00e9cquer. Fecha principal: El natalicio se conmemora el 17 de febrero (naci\u00f3 el 17 de febrero de 1836 en Sevilla). Celebraciones 2026: Durante el mes de febrero de 2026 se han realizado actos, destacando el homenaje en la Glorieta de B\u00e9cquer en&#8230;<\/p>\n","protected":false},"author":1,"featured_media":0,"comment_status":"open","ping_status":"open","sticky":false,"template":"","format":"standard","meta":[],"categories":[1],"tags":[],"_links":{"self":[{"href":"http:\/\/www.rmbs.es\/blog\/biblioteca-entreparques\/index.php?rest_route=\/wp\/v2\/posts\/4105"}],"collection":[{"href":"http:\/\/www.rmbs.es\/blog\/biblioteca-entreparques\/index.php?rest_route=\/wp\/v2\/posts"}],"about":[{"href":"http:\/\/www.rmbs.es\/blog\/biblioteca-entreparques\/index.php?rest_route=\/wp\/v2\/types\/post"}],"author":[{"embeddable":true,"href":"http:\/\/www.rmbs.es\/blog\/biblioteca-entreparques\/index.php?rest_route=\/wp\/v2\/users\/1"}],"replies":[{"embeddable":true,"href":"http:\/\/www.rmbs.es\/blog\/biblioteca-entreparques\/index.php?rest_route=%2Fwp%2Fv2%2Fcomments&post=4105"}],"version-history":[{"count":1,"href":"http:\/\/www.rmbs.es\/blog\/biblioteca-entreparques\/index.php?rest_route=\/wp\/v2\/posts\/4105\/revisions"}],"predecessor-version":[{"id":4108,"href":"http:\/\/www.rmbs.es\/blog\/biblioteca-entreparques\/index.php?rest_route=\/wp\/v2\/posts\/4105\/revisions\/4108"}],"wp:attachment":[{"href":"http:\/\/www.rmbs.es\/blog\/biblioteca-entreparques\/index.php?rest_route=%2Fwp%2Fv2%2Fmedia&parent=4105"}],"wp:term":[{"taxonomy":"category","embeddable":true,"href":"http:\/\/www.rmbs.es\/blog\/biblioteca-entreparques\/index.php?rest_route=%2Fwp%2Fv2%2Fcategories&post=4105"},{"taxonomy":"post_tag","embeddable":true,"href":"http:\/\/www.rmbs.es\/blog\/biblioteca-entreparques\/index.php?rest_route=%2Fwp%2Fv2%2Ftags&post=4105"}],"curies":[{"name":"wp","href":"https:\/\/api.w.org\/{rel}","templated":true}]}}