{"id":3969,"date":"2025-11-13T11:08:55","date_gmt":"2025-11-13T09:08:55","guid":{"rendered":"https:\/\/www.rmbs.es\/blog\/biblioteca-entreparques\/?p=3969"},"modified":"2025-11-13T13:47:30","modified_gmt":"2025-11-13T11:47:30","slug":"cinematorigen-frank-nuno-en-biblioteca-entreparques","status":"publish","type":"post","link":"http:\/\/www.rmbs.es\/blog\/biblioteca-entreparques\/?p=3969","title":{"rendered":"\ud83d\udce2ACTIVIDADES CON COLEGIOS                  \u201cCINEMATORIGEN\u201d con FRAN NU\u00d1O       BIBLIOTECA ENTREPARQUES 18\/11\/2025"},"content":{"rendered":"\n<p>Colegios invitados: 10h CEIP Pinomontano y 11.30h. CEIP Teodosio<\/p>\n\n\n\n<p><\/p>\n\n\n\n<p>De la mano de Fran Nu\u00f1o nos adentramos en el maravilloso mundo del cine mudo. Visualizaremos pel\u00edculas de Buster Keaton, Chaplin, los hermanos Lumi\u00e9re, etc&#8230; todo ello, acompa\u00f1ado de m\u00fasica, comentarios y an\u00e9cdotas sobre las pel\u00edculas proyectadas, as\u00ed como recomendaciones de libros sobre sus tem\u00e1ticas.<\/p>\n\n\n\n<p><\/p>\n\n\n\n<figure class=\"wp-block-embed is-type-video is-provider-youtube wp-block-embed-youtube wp-embed-aspect-4-3 wp-has-aspect-ratio\"><div class=\"wp-block-embed__wrapper\">\n<iframe loading=\"lazy\" title=\"Los Hermanos Lumi\u00e8re, primeras pel\u00edculas de la historia del cine\" width=\"500\" height=\"375\" src=\"https:\/\/www.youtube.com\/embed\/cNoJ9AmTibU?feature=oembed\" frameborder=\"0\" allow=\"accelerometer; autoplay; clipboard-write; encrypted-media; gyroscope; picture-in-picture; web-share\" referrerpolicy=\"strict-origin-when-cross-origin\" allowfullscreen><\/iframe>\n<\/div><\/figure>\n\n\n\n<figure class=\"wp-block-embed is-type-video is-provider-youtube wp-block-embed-youtube wp-embed-aspect-16-9 wp-has-aspect-ratio\"><div class=\"wp-block-embed__wrapper\">\n<iframe loading=\"lazy\" title=\"BUSTER KEATON: el GENIO que HOLLYWOOD ARRUIN\u00d3 \u2022 #Datazo\" width=\"500\" height=\"281\" src=\"https:\/\/www.youtube.com\/embed\/q-63nXUZ2IU?feature=oembed\" frameborder=\"0\" allow=\"accelerometer; autoplay; clipboard-write; encrypted-media; gyroscope; picture-in-picture; web-share\" referrerpolicy=\"strict-origin-when-cross-origin\" allowfullscreen><\/iframe>\n<\/div><\/figure>\n\n\n\n<figure class=\"wp-block-embed is-type-video is-provider-youtube wp-block-embed-youtube wp-embed-aspect-16-9 wp-has-aspect-ratio\"><div class=\"wp-block-embed__wrapper\">\n<iframe loading=\"lazy\" title=\"EL SONIDO DEL PROYECTOR CinematOrigen\" width=\"500\" height=\"281\" src=\"https:\/\/www.youtube.com\/embed\/videoseries?list=PLL3WyFzO-XnZUjsHF38NBhJ4mKgvxqa-n\" frameborder=\"0\" allow=\"accelerometer; autoplay; clipboard-write; encrypted-media; gyroscope; picture-in-picture; web-share\" referrerpolicy=\"strict-origin-when-cross-origin\" allowfullscreen><\/iframe>\n<\/div><\/figure>\n\n\n\n<p>Historias contadas por el autor<\/p>\n\n\n\n<figure class=\"wp-block-embed is-type-video is-provider-youtube wp-block-embed-youtube wp-embed-aspect-16-9 wp-has-aspect-ratio\"><div class=\"wp-block-embed__wrapper\">\n<iframe loading=\"lazy\" title=\"Author Talk: Fran Nu\u00f1o - El baile de las abejas\" width=\"500\" height=\"281\" src=\"https:\/\/www.youtube.com\/embed\/hk4XLcjrCNQ?feature=oembed\" frameborder=\"0\" allow=\"accelerometer; autoplay; clipboard-write; encrypted-media; gyroscope; picture-in-picture; web-share\" referrerpolicy=\"strict-origin-when-cross-origin\" allowfullscreen><\/iframe>\n<\/div><\/figure>\n\n\n\n<p>Sobre el autor<\/p>\n\n\n\n<p>Fran Nu\u00f1o&nbsp;(Bilbao, 1973) es un&nbsp;<mark>prol\u00edfico&nbsp;<strong>escritor<\/strong>,&nbsp;<strong>dinamizador cultural<\/strong>,&nbsp;<strong>librero<\/strong>&nbsp;y&nbsp;<strong>editor<\/strong>&nbsp;espa\u00f1ol<\/mark>. Reside en Sevilla desde una edad muy temprana y es una figura destacada en el \u00e1mbito de la literatura infantil y juvenil (LIJ).&nbsp;Carrera y Obras<\/p>\n\n\n\n<ul><li><strong>Autor de LIJ<\/strong>: Ha publicado m\u00e1s de cincuenta libros, principalmente de literatura infantil y juvenil, en diversas editoriales. Sus obras a menudo incorporan elementos de teatro, circo y magia para ilusionar a los ni\u00f1os y fomentar la lectura.<\/li><li><strong>Dinamizador cultural<\/strong>: Es conocido por su intensa labor en la promoci\u00f3n de la lectura. Realiza numerosas actividades culturales, como cuentacuentos, talleres y cinef\u00f3rums con m\u00fasica para pel\u00edculas mudas, en colegios, bibliotecas y su propia librer\u00eda.<\/li><li><strong>Librero y editor<\/strong>: Fund\u00f3 la \u00abLibrer\u00eda Nu\u00f1o Editorial\u00bb en Sevilla, un establecimiento especializado en LIJ, poes\u00eda y artes esc\u00e9nicas.<\/li><li><strong>Manuales y poes\u00eda<\/strong>: Adem\u00e1s de la ficci\u00f3n, es autor de manuales sobre animaci\u00f3n a la lectura y dinamizaci\u00f3n lectora, as\u00ed como de varios poemarios.&nbsp;<\/li><\/ul>\n\n\n\n<p>Reconocimientos Destacados<\/p>\n\n\n\n<ul><li><strong>Premio Fundaci\u00f3n Cuatrogatos 2025<\/strong>&nbsp;por&nbsp;<em>Viaje a la Luna<\/em>.<\/li><li><strong>Medalla de Oro al Mejor \u00c1lbum Ilustrado en Espa\u00f1ol<\/strong>&nbsp;en los Moonbeam Children&#8217;s Book Awards 2013 (EE. UU.) por&nbsp;<em>Luces de Feria<\/em>, junto al ilustrador Enrique Quevedo.<\/li><li><strong>Menci\u00f3n Especial del Jurado<\/strong>&nbsp;en el II Premio de Poes\u00eda Infantil Ciudad de Orihuela en 2009 por&nbsp;<em>La hora de los relojes<\/em>.&nbsp;<\/li><\/ul>\n\n\n\n<p>Su trabajo se centra en acercar la lectura al p\u00fablico infantil de una manera l\u00fadica y participativa, colaborando frecuentemente con ilustradores para dar vida a sus historias.&nbsp;<\/p>\n\n\n\n<p><a href=\"https:\/\/frannuno.es\/INICIO\/\">https:\/\/frannuno.es\/INICIO\/<\/a><\/p>\n\n\n\n<figure class=\"wp-block-embed is-type-video is-provider-youtube wp-block-embed-youtube wp-embed-aspect-16-9 wp-has-aspect-ratio\"><div class=\"wp-block-embed__wrapper\">\n<iframe loading=\"lazy\" title=\"Encuentros Canal Sur | Fran Nu\u00f1o, escritor y dinamizador cultural\" width=\"500\" height=\"281\" src=\"https:\/\/www.youtube.com\/embed\/lwCJ6Hm2vRg?feature=oembed\" frameborder=\"0\" allow=\"accelerometer; autoplay; clipboard-write; encrypted-media; gyroscope; picture-in-picture; web-share\" referrerpolicy=\"strict-origin-when-cross-origin\" allowfullscreen><\/iframe>\n<\/div><\/figure>\n","protected":false},"excerpt":{"rendered":"<p>Colegios invitados: 10h CEIP Pinomontano y 11.30h. CEIP Teodosio De la mano de Fran Nu\u00f1o nos adentramos en el maravilloso mundo del cine mudo. Visualizaremos pel\u00edculas de Buster Keaton, Chaplin, los hermanos Lumi\u00e9re, etc&#8230; todo ello, acompa\u00f1ado de m\u00fasica, comentarios y an\u00e9cdotas sobre las pel\u00edculas proyectadas, as\u00ed como recomendaciones de libros sobre sus tem\u00e1ticas. Historias&#8230;<\/p>\n","protected":false},"author":1,"featured_media":0,"comment_status":"open","ping_status":"open","sticky":false,"template":"","format":"standard","meta":[],"categories":[1],"tags":[],"_links":{"self":[{"href":"http:\/\/www.rmbs.es\/blog\/biblioteca-entreparques\/index.php?rest_route=\/wp\/v2\/posts\/3969"}],"collection":[{"href":"http:\/\/www.rmbs.es\/blog\/biblioteca-entreparques\/index.php?rest_route=\/wp\/v2\/posts"}],"about":[{"href":"http:\/\/www.rmbs.es\/blog\/biblioteca-entreparques\/index.php?rest_route=\/wp\/v2\/types\/post"}],"author":[{"embeddable":true,"href":"http:\/\/www.rmbs.es\/blog\/biblioteca-entreparques\/index.php?rest_route=\/wp\/v2\/users\/1"}],"replies":[{"embeddable":true,"href":"http:\/\/www.rmbs.es\/blog\/biblioteca-entreparques\/index.php?rest_route=%2Fwp%2Fv2%2Fcomments&post=3969"}],"version-history":[{"count":14,"href":"http:\/\/www.rmbs.es\/blog\/biblioteca-entreparques\/index.php?rest_route=\/wp\/v2\/posts\/3969\/revisions"}],"predecessor-version":[{"id":4007,"href":"http:\/\/www.rmbs.es\/blog\/biblioteca-entreparques\/index.php?rest_route=\/wp\/v2\/posts\/3969\/revisions\/4007"}],"wp:attachment":[{"href":"http:\/\/www.rmbs.es\/blog\/biblioteca-entreparques\/index.php?rest_route=%2Fwp%2Fv2%2Fmedia&parent=3969"}],"wp:term":[{"taxonomy":"category","embeddable":true,"href":"http:\/\/www.rmbs.es\/blog\/biblioteca-entreparques\/index.php?rest_route=%2Fwp%2Fv2%2Fcategories&post=3969"},{"taxonomy":"post_tag","embeddable":true,"href":"http:\/\/www.rmbs.es\/blog\/biblioteca-entreparques\/index.php?rest_route=%2Fwp%2Fv2%2Ftags&post=3969"}],"curies":[{"name":"wp","href":"https:\/\/api.w.org\/{rel}","templated":true}]}}