{"id":3863,"date":"2025-05-27T12:30:50","date_gmt":"2025-05-27T10:30:50","guid":{"rendered":"https:\/\/www.rmbs.es\/blog\/biblioteca-entreparques\/?p=3863"},"modified":"2025-11-04T20:51:39","modified_gmt":"2025-11-04T18:51:39","slug":"aviso-cierre-biblioteca","status":"publish","type":"post","link":"http:\/\/www.rmbs.es\/blog\/biblioteca-entreparques\/?p=3863","title":{"rendered":"HORARIO BIBLIOTECA ENTREPARTES"},"content":{"rendered":"\n<p class=\"has-luminous-vivid-amber-background-color has-background\">A partir de <strong>NOVIEMBRE<\/strong> 2025 LA BIBLITOTECA ENTREPARQUES RECUPERA SU HORARIO                              <strong>L-V: 9.30-14.30 h. y 16-21h.<\/strong> a excepci\u00f3n de los d\u00edas de actividades de Dinamizaci\u00f3n Bibliotecaria.<\/p>\n\n\n\n<p class=\"has-luminous-vivid-amber-background-color has-background\">AVISO IMPORTANTE  La biblioteca realizar\u00e1 su Programa de Dinamizaci\u00f3n Bibliotecaria  por lo que se habilitar\u00e1 una sala de estudios de 16.00 a 19.30 h. en el Centro Civico los siguientes d\u00edas del mes de Noviembre:<\/p>\n\n\n\n<p class=\"has-luminous-vivid-amber-background-color has-background\">Martes 4, jueves 6 y viernes 7<\/p>\n\n\n\n<p class=\"has-luminous-vivid-amber-background-color has-background\">Viernes 14<\/p>\n\n\n\n<p class=\"has-luminous-vivid-amber-background-color has-background\"> Jueves 20 y viernes 21 <\/p>\n\n\n\n<p class=\"has-luminous-vivid-amber-background-color has-background\"> Martes 25 y  viernes 28<\/p>\n\n\n\n<p class=\"has-luminous-vivid-amber-background-color has-background\">Se mantendr\u00e1n todos los servicios de 9.30 a 14.30 y  de 19.30 a 21.00h<\/p>\n\n\n\n<p class=\"has-luminous-vivid-amber-background-color has-background\">Disculpen las molestias<\/p>\n\n\n\n<p><\/p>\n","protected":false},"excerpt":{"rendered":"<p>A partir de NOVIEMBRE 2025 LA BIBLITOTECA ENTREPARQUES RECUPERA SU HORARIO L-V: 9.30-14.30 h. y 16-21h. a excepci\u00f3n de los d\u00edas de actividades de Dinamizaci\u00f3n Bibliotecaria. AVISO IMPORTANTE La biblioteca realizar\u00e1 su Programa de Dinamizaci\u00f3n Bibliotecaria por lo que se habilitar\u00e1 una sala de estudios de 16.00 a 19.30 h. en el Centro Civico los&#8230;<\/p>\n","protected":false},"author":1,"featured_media":0,"comment_status":"open","ping_status":"open","sticky":false,"template":"","format":"standard","meta":[],"categories":[1],"tags":[],"_links":{"self":[{"href":"http:\/\/www.rmbs.es\/blog\/biblioteca-entreparques\/index.php?rest_route=\/wp\/v2\/posts\/3863"}],"collection":[{"href":"http:\/\/www.rmbs.es\/blog\/biblioteca-entreparques\/index.php?rest_route=\/wp\/v2\/posts"}],"about":[{"href":"http:\/\/www.rmbs.es\/blog\/biblioteca-entreparques\/index.php?rest_route=\/wp\/v2\/types\/post"}],"author":[{"embeddable":true,"href":"http:\/\/www.rmbs.es\/blog\/biblioteca-entreparques\/index.php?rest_route=\/wp\/v2\/users\/1"}],"replies":[{"embeddable":true,"href":"http:\/\/www.rmbs.es\/blog\/biblioteca-entreparques\/index.php?rest_route=%2Fwp%2Fv2%2Fcomments&post=3863"}],"version-history":[{"count":5,"href":"http:\/\/www.rmbs.es\/blog\/biblioteca-entreparques\/index.php?rest_route=\/wp\/v2\/posts\/3863\/revisions"}],"predecessor-version":[{"id":3897,"href":"http:\/\/www.rmbs.es\/blog\/biblioteca-entreparques\/index.php?rest_route=\/wp\/v2\/posts\/3863\/revisions\/3897"}],"wp:attachment":[{"href":"http:\/\/www.rmbs.es\/blog\/biblioteca-entreparques\/index.php?rest_route=%2Fwp%2Fv2%2Fmedia&parent=3863"}],"wp:term":[{"taxonomy":"category","embeddable":true,"href":"http:\/\/www.rmbs.es\/blog\/biblioteca-entreparques\/index.php?rest_route=%2Fwp%2Fv2%2Fcategories&post=3863"},{"taxonomy":"post_tag","embeddable":true,"href":"http:\/\/www.rmbs.es\/blog\/biblioteca-entreparques\/index.php?rest_route=%2Fwp%2Fv2%2Ftags&post=3863"}],"curies":[{"name":"wp","href":"https:\/\/api.w.org\/{rel}","templated":true}]}}