{"id":3741,"date":"2023-11-23T17:11:41","date_gmt":"2023-11-23T15:11:41","guid":{"rendered":"https:\/\/www.rmbs.es\/blog\/biblioteca-entreparques\/?p=3741"},"modified":"2023-11-23T17:21:10","modified_gmt":"2023-11-23T15:21:10","slug":"libros-con-angel-es-el-hereje-miguel-delibes","status":"publish","type":"post","link":"http:\/\/www.rmbs.es\/blog\/biblioteca-entreparques\/?p=3741","title":{"rendered":"Libros con Angel.es:                                       EL HEREJE (Miguel Delibes)"},"content":{"rendered":"\n<p>El pr\u00f3ximo martes ,<strong> d\u00eda 28 de noviembre<\/strong>, nos reuniremos en la biblioteca para comentar el libro de Miguel Delibes, El Hereje, a las<strong> 18,30<\/strong> h. Como en otras ocasiones, esta tertulia la moderar\u00e1 , \u00c1ngeles L\u00f3pez S\u00e1nchez. <\/p>\n\n\n\n<p>El aforo est\u00e1 abierto a todo aquel que quiera participar. <\/p>\n\n\n\n<figure class=\"wp-block-image size-large\"><a href=\"https:\/\/www.rmbs.es\/blog\/biblioteca-entreparques\/wp-content\/uploads\/2023\/11\/11-28-el-hereje-conferencia.jpg\"><img loading=\"lazy\" width=\"724\" height=\"1024\" src=\"https:\/\/www.rmbs.es\/blog\/biblioteca-entreparques\/wp-content\/uploads\/2023\/11\/11-28-el-hereje-conferencia-724x1024.jpg\" alt=\"\" class=\"wp-image-3743\" srcset=\"http:\/\/www.rmbs.es\/blog\/biblioteca-entreparques\/wp-content\/uploads\/2023\/11\/11-28-el-hereje-conferencia-724x1024.jpg 724w, http:\/\/www.rmbs.es\/blog\/biblioteca-entreparques\/wp-content\/uploads\/2023\/11\/11-28-el-hereje-conferencia-212x300.jpg 212w, http:\/\/www.rmbs.es\/blog\/biblioteca-entreparques\/wp-content\/uploads\/2023\/11\/11-28-el-hereje-conferencia-768x1086.jpg 768w, http:\/\/www.rmbs.es\/blog\/biblioteca-entreparques\/wp-content\/uploads\/2023\/11\/11-28-el-hereje-conferencia-1086x1536.jpg 1086w, http:\/\/www.rmbs.es\/blog\/biblioteca-entreparques\/wp-content\/uploads\/2023\/11\/11-28-el-hereje-conferencia-106x150.jpg 106w, http:\/\/www.rmbs.es\/blog\/biblioteca-entreparques\/wp-content\/uploads\/2023\/11\/11-28-el-hereje-conferencia-17x24.jpg 17w, http:\/\/www.rmbs.es\/blog\/biblioteca-entreparques\/wp-content\/uploads\/2023\/11\/11-28-el-hereje-conferencia-25x36.jpg 25w, http:\/\/www.rmbs.es\/blog\/biblioteca-entreparques\/wp-content\/uploads\/2023\/11\/11-28-el-hereje-conferencia-34x48.jpg 34w, http:\/\/www.rmbs.es\/blog\/biblioteca-entreparques\/wp-content\/uploads\/2023\/11\/11-28-el-hereje-conferencia.jpg 1414w\" sizes=\"(max-width: 724px) 100vw, 724px\" \/><\/a><\/figure>\n\n\n\n<p><\/p>\n","protected":false},"excerpt":{"rendered":"<p>El pr\u00f3ximo martes , d\u00eda 28 de noviembre, nos reuniremos en la biblioteca para comentar el libro de Miguel Delibes, El Hereje, a las 18,30 h. Como en otras ocasiones, esta tertulia la moderar\u00e1 , \u00c1ngeles L\u00f3pez S\u00e1nchez. El aforo est\u00e1 abierto a todo aquel que quiera participar.<\/p>\n","protected":false},"author":1,"featured_media":0,"comment_status":"open","ping_status":"open","sticky":false,"template":"","format":"standard","meta":[],"categories":[1],"tags":[],"_links":{"self":[{"href":"http:\/\/www.rmbs.es\/blog\/biblioteca-entreparques\/index.php?rest_route=\/wp\/v2\/posts\/3741"}],"collection":[{"href":"http:\/\/www.rmbs.es\/blog\/biblioteca-entreparques\/index.php?rest_route=\/wp\/v2\/posts"}],"about":[{"href":"http:\/\/www.rmbs.es\/blog\/biblioteca-entreparques\/index.php?rest_route=\/wp\/v2\/types\/post"}],"author":[{"embeddable":true,"href":"http:\/\/www.rmbs.es\/blog\/biblioteca-entreparques\/index.php?rest_route=\/wp\/v2\/users\/1"}],"replies":[{"embeddable":true,"href":"http:\/\/www.rmbs.es\/blog\/biblioteca-entreparques\/index.php?rest_route=%2Fwp%2Fv2%2Fcomments&post=3741"}],"version-history":[{"count":3,"href":"http:\/\/www.rmbs.es\/blog\/biblioteca-entreparques\/index.php?rest_route=\/wp\/v2\/posts\/3741\/revisions"}],"predecessor-version":[{"id":3745,"href":"http:\/\/www.rmbs.es\/blog\/biblioteca-entreparques\/index.php?rest_route=\/wp\/v2\/posts\/3741\/revisions\/3745"}],"wp:attachment":[{"href":"http:\/\/www.rmbs.es\/blog\/biblioteca-entreparques\/index.php?rest_route=%2Fwp%2Fv2%2Fmedia&parent=3741"}],"wp:term":[{"taxonomy":"category","embeddable":true,"href":"http:\/\/www.rmbs.es\/blog\/biblioteca-entreparques\/index.php?rest_route=%2Fwp%2Fv2%2Fcategories&post=3741"},{"taxonomy":"post_tag","embeddable":true,"href":"http:\/\/www.rmbs.es\/blog\/biblioteca-entreparques\/index.php?rest_route=%2Fwp%2Fv2%2Ftags&post=3741"}],"curies":[{"name":"wp","href":"https:\/\/api.w.org\/{rel}","templated":true}]}}