{"id":3574,"date":"2022-04-25T12:02:15","date_gmt":"2022-04-25T10:02:15","guid":{"rendered":"http:\/\/www.rmbs.es\/blog\/biblioteca-entreparques\/?p=3574"},"modified":"2022-04-25T12:06:01","modified_gmt":"2022-04-25T10:06:01","slug":"celebramos-el-dia-del-libro-en-la-biblioteca-entreparques","status":"publish","type":"post","link":"http:\/\/www.rmbs.es\/blog\/biblioteca-entreparques\/?p=3574","title":{"rendered":"CELEBRAMOS EL D\u00cdA DEL LIBRO EN LA BIBLIOTECA ENTREPARQUES"},"content":{"rendered":"\n<p>El pasdo mi\u00e9rcoles , 20 de abril, llevamos a cabo nuestra  especial Celbraci\u00f3n del D\u00eda del Libro.<\/p>\n\n\n\n<p>Adem\u00e1s  del Bibliotrueque, que realizamos en el patio del Centro C\u00edvico, llevamos a cabo conjuntamente con el mismo, un taller de Marcap\u00e1ginas, una serie de Lecturas Compartidas, en donde el p\u00fablico infantil nos ley\u00f3 algunas de sus lecturas preferidas y un Cuentacuento, relizado por Esther y Jos\u00e9 Carlos, alumnos en pr\u00e1ctica del M\u00f3dulo de Grado Superior de Animaci\u00f3n Sociocultural y Turismo del I.E.S. Pino Montano,a los que desde aqu\u00ed,al igual que a sus compa\u00f1eras, les damos las gracias por su ayuda, participaci\u00f3n y entrega.<\/p>\n\n\n\n<p>Igualmente, agradecemos a todo el p\u00fablico asistente su colaboraci\u00f3n. Eso hizo que nuestra celebarci\u00f3n fuera entra\u00f1able y muy participativa. (25\/04\/2022)<\/p>\n\n\n\n<figure class=\"wp-block-image size-large is-resized is-style-default\"><a href=\"http:\/\/www.rmbs.es\/blog\/biblioteca-entreparques\/wp-content\/uploads\/2022\/04\/2022-dia-del-libro-2.jpg\"><img loading=\"lazy\" src=\"http:\/\/www.rmbs.es\/blog\/biblioteca-entreparques\/wp-content\/uploads\/2022\/04\/2022-dia-del-libro-2-766x1024.jpg\" alt=\"\" class=\"wp-image-3576\" width=\"249\" height=\"334\" srcset=\"http:\/\/www.rmbs.es\/blog\/biblioteca-entreparques\/wp-content\/uploads\/2022\/04\/2022-dia-del-libro-2-766x1024.jpg 766w, http:\/\/www.rmbs.es\/blog\/biblioteca-entreparques\/wp-content\/uploads\/2022\/04\/2022-dia-del-libro-2-768x1026.jpg 768w, http:\/\/www.rmbs.es\/blog\/biblioteca-entreparques\/wp-content\/uploads\/2022\/04\/2022-dia-del-libro-2-112x150.jpg 112w, http:\/\/www.rmbs.es\/blog\/biblioteca-entreparques\/wp-content\/uploads\/2022\/04\/2022-dia-del-libro-2-18x24.jpg 18w, http:\/\/www.rmbs.es\/blog\/biblioteca-entreparques\/wp-content\/uploads\/2022\/04\/2022-dia-del-libro-2-27x36.jpg 27w, http:\/\/www.rmbs.es\/blog\/biblioteca-entreparques\/wp-content\/uploads\/2022\/04\/2022-dia-del-libro-2-36x48.jpg 36w, http:\/\/www.rmbs.es\/blog\/biblioteca-entreparques\/wp-content\/uploads\/2022\/04\/2022-dia-del-libro-2.jpg 1000w\" sizes=\"(max-width: 249px) 100vw, 249px\" \/><\/a><\/figure>\n\n\n\n<figure class=\"wp-block-image size-full is-resized\"><a href=\"http:\/\/www.rmbs.es\/blog\/biblioteca-entreparques\/wp-content\/uploads\/2022\/04\/2022-dia-del-libro-1.jpg\"><img loading=\"lazy\" src=\"http:\/\/www.rmbs.es\/blog\/biblioteca-entreparques\/wp-content\/uploads\/2022\/04\/2022-dia-del-libro-1.jpg\" alt=\"\" class=\"wp-image-3577\" width=\"373\" height=\"279\" srcset=\"http:\/\/www.rmbs.es\/blog\/biblioteca-entreparques\/wp-content\/uploads\/2022\/04\/2022-dia-del-libro-1.jpg 1000w, http:\/\/www.rmbs.es\/blog\/biblioteca-entreparques\/wp-content\/uploads\/2022\/04\/2022-dia-del-libro-1-300x224.jpg 300w, http:\/\/www.rmbs.es\/blog\/biblioteca-entreparques\/wp-content\/uploads\/2022\/04\/2022-dia-del-libro-1-768x574.jpg 768w, http:\/\/www.rmbs.es\/blog\/biblioteca-entreparques\/wp-content\/uploads\/2022\/04\/2022-dia-del-libro-1-150x112.jpg 150w, http:\/\/www.rmbs.es\/blog\/biblioteca-entreparques\/wp-content\/uploads\/2022\/04\/2022-dia-del-libro-1-24x18.jpg 24w, http:\/\/www.rmbs.es\/blog\/biblioteca-entreparques\/wp-content\/uploads\/2022\/04\/2022-dia-del-libro-1-36x27.jpg 36w, http:\/\/www.rmbs.es\/blog\/biblioteca-entreparques\/wp-content\/uploads\/2022\/04\/2022-dia-del-libro-1-48x36.jpg 48w\" sizes=\"(max-width: 373px) 100vw, 373px\" \/><\/a><\/figure>\n\n\n\n<p><\/p>\n\n\n\n<p><\/p>\n\n\n\n<p><\/p>\n\n\n\n<p><\/p>\n","protected":false},"excerpt":{"rendered":"<p>El pasdo mi\u00e9rcoles , 20 de abril, llevamos a cabo nuestra especial Celbraci\u00f3n del D\u00eda del Libro. Adem\u00e1s del Bibliotrueque, que realizamos en el patio del Centro C\u00edvico, llevamos a cabo conjuntamente con el mismo, un taller de Marcap\u00e1ginas, una serie de Lecturas Compartidas, en donde el p\u00fablico infantil nos ley\u00f3 algunas de sus lecturas&#8230;<\/p>\n","protected":false},"author":1,"featured_media":0,"comment_status":"open","ping_status":"open","sticky":false,"template":"","format":"standard","meta":[],"categories":[1],"tags":[],"_links":{"self":[{"href":"http:\/\/www.rmbs.es\/blog\/biblioteca-entreparques\/index.php?rest_route=\/wp\/v2\/posts\/3574"}],"collection":[{"href":"http:\/\/www.rmbs.es\/blog\/biblioteca-entreparques\/index.php?rest_route=\/wp\/v2\/posts"}],"about":[{"href":"http:\/\/www.rmbs.es\/blog\/biblioteca-entreparques\/index.php?rest_route=\/wp\/v2\/types\/post"}],"author":[{"embeddable":true,"href":"http:\/\/www.rmbs.es\/blog\/biblioteca-entreparques\/index.php?rest_route=\/wp\/v2\/users\/1"}],"replies":[{"embeddable":true,"href":"http:\/\/www.rmbs.es\/blog\/biblioteca-entreparques\/index.php?rest_route=%2Fwp%2Fv2%2Fcomments&post=3574"}],"version-history":[{"count":4,"href":"http:\/\/www.rmbs.es\/blog\/biblioteca-entreparques\/index.php?rest_route=\/wp\/v2\/posts\/3574\/revisions"}],"predecessor-version":[{"id":3582,"href":"http:\/\/www.rmbs.es\/blog\/biblioteca-entreparques\/index.php?rest_route=\/wp\/v2\/posts\/3574\/revisions\/3582"}],"wp:attachment":[{"href":"http:\/\/www.rmbs.es\/blog\/biblioteca-entreparques\/index.php?rest_route=%2Fwp%2Fv2%2Fmedia&parent=3574"}],"wp:term":[{"taxonomy":"category","embeddable":true,"href":"http:\/\/www.rmbs.es\/blog\/biblioteca-entreparques\/index.php?rest_route=%2Fwp%2Fv2%2Fcategories&post=3574"},{"taxonomy":"post_tag","embeddable":true,"href":"http:\/\/www.rmbs.es\/blog\/biblioteca-entreparques\/index.php?rest_route=%2Fwp%2Fv2%2Ftags&post=3574"}],"curies":[{"name":"wp","href":"https:\/\/api.w.org\/{rel}","templated":true}]}}