{"id":2615,"date":"2023-03-02T12:16:20","date_gmt":"2023-03-02T10:16:20","guid":{"rendered":"http:\/\/www.rmbs.es\/blog\/biblioteca-alberto-lista\/?p=2615"},"modified":"2023-03-02T12:16:20","modified_gmt":"2023-03-02T10:16:20","slug":"cierre-de-la-sala-de-estudio-por-la-tarde","status":"publish","type":"post","link":"http:\/\/www.rmbs.es\/blog\/biblioteca-alberto-lista\/?p=2615","title":{"rendered":"CIERRE DE LA SALA DE ESTUDIO POR LA TARDE"},"content":{"rendered":"<p>La <strong>semana del 6 al 10 de marzo<\/strong>, la <strong>sala de estudio<\/strong> estar\u00e1<strong> cerrada en horario<\/strong> <strong>de tarde<\/strong>.<\/p>\n<p>S\u00f3lo la sala de estudio, la biblioteca y el servicio de pr\u00e9stamo, devoluciones, etc&#8230; seguir\u00e1n con su horario normal de ma\u00f1ana y tarde<\/p>\n<p>La semana del 13 de marzo recuperaremos la normalidad<\/p>\n<p>\u00a1Disculpad las molestias y aqu\u00ed os esperamos!<\/p>\n<p>&nbsp;<\/p>\n","protected":false},"excerpt":{"rendered":"<p>La semana del 6 al 10 de marzo, la sala de estudio estar\u00e1 cerrada en horario de tarde. S\u00f3lo la sala de estudio, la biblioteca y el servicio de pr\u00e9stamo, devoluciones, etc&#8230; seguir\u00e1n con su horario normal de ma\u00f1ana y tarde La semana del 13 de marzo recuperaremos la normalidad \u00a1Disculpad las molestias y aqu\u00ed&#8230;<\/p>\n","protected":false},"author":1,"featured_media":0,"comment_status":"open","ping_status":"open","sticky":false,"template":"","format":"standard","meta":[],"categories":[1],"tags":[],"_links":{"self":[{"href":"http:\/\/www.rmbs.es\/blog\/biblioteca-alberto-lista\/index.php?rest_route=\/wp\/v2\/posts\/2615"}],"collection":[{"href":"http:\/\/www.rmbs.es\/blog\/biblioteca-alberto-lista\/index.php?rest_route=\/wp\/v2\/posts"}],"about":[{"href":"http:\/\/www.rmbs.es\/blog\/biblioteca-alberto-lista\/index.php?rest_route=\/wp\/v2\/types\/post"}],"author":[{"embeddable":true,"href":"http:\/\/www.rmbs.es\/blog\/biblioteca-alberto-lista\/index.php?rest_route=\/wp\/v2\/users\/1"}],"replies":[{"embeddable":true,"href":"http:\/\/www.rmbs.es\/blog\/biblioteca-alberto-lista\/index.php?rest_route=%2Fwp%2Fv2%2Fcomments&post=2615"}],"version-history":[{"count":1,"href":"http:\/\/www.rmbs.es\/blog\/biblioteca-alberto-lista\/index.php?rest_route=\/wp\/v2\/posts\/2615\/revisions"}],"predecessor-version":[{"id":2616,"href":"http:\/\/www.rmbs.es\/blog\/biblioteca-alberto-lista\/index.php?rest_route=\/wp\/v2\/posts\/2615\/revisions\/2616"}],"wp:attachment":[{"href":"http:\/\/www.rmbs.es\/blog\/biblioteca-alberto-lista\/index.php?rest_route=%2Fwp%2Fv2%2Fmedia&parent=2615"}],"wp:term":[{"taxonomy":"category","embeddable":true,"href":"http:\/\/www.rmbs.es\/blog\/biblioteca-alberto-lista\/index.php?rest_route=%2Fwp%2Fv2%2Fcategories&post=2615"},{"taxonomy":"post_tag","embeddable":true,"href":"http:\/\/www.rmbs.es\/blog\/biblioteca-alberto-lista\/index.php?rest_route=%2Fwp%2Fv2%2Ftags&post=2615"}],"curies":[{"name":"wp","href":"https:\/\/api.w.org\/{rel}","templated":true}]}}