{"id":2612,"date":"2023-01-24T11:17:27","date_gmt":"2023-01-24T09:17:27","guid":{"rendered":"http:\/\/www.rmbs.es\/blog\/biblioteca-alberto-lista\/?p=2612"},"modified":"2023-01-24T11:17:27","modified_gmt":"2023-01-24T09:17:27","slug":"esta-semana-cerramos-por-la-tardes","status":"publish","type":"post","link":"http:\/\/www.rmbs.es\/blog\/biblioteca-alberto-lista\/?p=2612","title":{"rendered":"ESTA SEMANA CERRAMOS POR LA TARDES"},"content":{"rendered":"<p>Sentimos informaros de que esta <strong>semana, del 23 al 27 de enero<\/strong>, la biblioteca estar\u00e1 cerrada en horario de tarde.<\/p>\n<p>Puedes dirigirte a las bibliotecas m\u00e1s cercanas, donde te atender\u00e1n encantados:<\/p>\n<p>Biblioteca San Juli\u00e1n (Centro C\u00edvico San Juli\u00e1n. C\/San Hermenegildo s\/n)<\/p>\n<p>Biblioteca Felipe Gonz\u00e1les (Torneo s\/n)<\/p>\n<p>Biblioteca Julia Uceda (Centro C\u00edvico San Fernando. C\/ Don Fadrique, 59)<\/p>\n<p><strong> Nos vemos la semana que viene en nuestro horario habitual: de 9.30 a 14.30 y de 16 a 21h<\/strong>.<\/p>\n<p style=\"text-align: center;\">\u00a1Disculpa las molestias!<\/p>\n","protected":false},"excerpt":{"rendered":"<p>Sentimos informaros de que esta semana, del 23 al 27 de enero, la biblioteca estar\u00e1 cerrada en horario de tarde. Puedes dirigirte a las bibliotecas m\u00e1s cercanas, donde te atender\u00e1n encantados: Biblioteca San Juli\u00e1n (Centro C\u00edvico San Juli\u00e1n. C\/San Hermenegildo s\/n) Biblioteca Felipe Gonz\u00e1les (Torneo s\/n) Biblioteca Julia Uceda (Centro C\u00edvico San Fernando. C\/ Don&#8230;<\/p>\n","protected":false},"author":1,"featured_media":0,"comment_status":"open","ping_status":"open","sticky":false,"template":"","format":"standard","meta":[],"categories":[1],"tags":[],"_links":{"self":[{"href":"http:\/\/www.rmbs.es\/blog\/biblioteca-alberto-lista\/index.php?rest_route=\/wp\/v2\/posts\/2612"}],"collection":[{"href":"http:\/\/www.rmbs.es\/blog\/biblioteca-alberto-lista\/index.php?rest_route=\/wp\/v2\/posts"}],"about":[{"href":"http:\/\/www.rmbs.es\/blog\/biblioteca-alberto-lista\/index.php?rest_route=\/wp\/v2\/types\/post"}],"author":[{"embeddable":true,"href":"http:\/\/www.rmbs.es\/blog\/biblioteca-alberto-lista\/index.php?rest_route=\/wp\/v2\/users\/1"}],"replies":[{"embeddable":true,"href":"http:\/\/www.rmbs.es\/blog\/biblioteca-alberto-lista\/index.php?rest_route=%2Fwp%2Fv2%2Fcomments&post=2612"}],"version-history":[{"count":1,"href":"http:\/\/www.rmbs.es\/blog\/biblioteca-alberto-lista\/index.php?rest_route=\/wp\/v2\/posts\/2612\/revisions"}],"predecessor-version":[{"id":2613,"href":"http:\/\/www.rmbs.es\/blog\/biblioteca-alberto-lista\/index.php?rest_route=\/wp\/v2\/posts\/2612\/revisions\/2613"}],"wp:attachment":[{"href":"http:\/\/www.rmbs.es\/blog\/biblioteca-alberto-lista\/index.php?rest_route=%2Fwp%2Fv2%2Fmedia&parent=2612"}],"wp:term":[{"taxonomy":"category","embeddable":true,"href":"http:\/\/www.rmbs.es\/blog\/biblioteca-alberto-lista\/index.php?rest_route=%2Fwp%2Fv2%2Fcategories&post=2612"},{"taxonomy":"post_tag","embeddable":true,"href":"http:\/\/www.rmbs.es\/blog\/biblioteca-alberto-lista\/index.php?rest_route=%2Fwp%2Fv2%2Ftags&post=2612"}],"curies":[{"name":"wp","href":"https:\/\/api.w.org\/{rel}","templated":true}]}}