{"id":2567,"date":"2022-06-09T17:04:12","date_gmt":"2022-06-09T15:04:12","guid":{"rendered":"http:\/\/www.rmbs.es\/blog\/biblioteca-alberto-lista\/?p=2567"},"modified":"2022-06-09T17:04:12","modified_gmt":"2022-06-09T15:04:12","slug":"cierre-de-la-biblioteca-por-la-tarde","status":"publish","type":"post","link":"http:\/\/www.rmbs.es\/blog\/biblioteca-alberto-lista\/?p=2567","title":{"rendered":"CIERRE DE LA BIBLIOTECA POR LA TARDE"},"content":{"rendered":"<p><strong>Durante la semana del 13 al 17 de JUNIO la Biblioteca\u00a0NO ABRIR\u00c1\u00a0 por las tardes.\u00a0Pueden dirigirse a alguna de las tres bibliotecas m\u00e1s pr\u00f3ximas:<br \/>\nSan Juli\u00e1n (C\/San Hermenegildo s\/n)<br \/>\nFelipe Gonz\u00e1lez (C\/Torneo s\/n)<br \/>\nJulia Uceda (Centro C\u00edvico San Fernando, 2\u00aa planta. C\/Don Fadrique, n\u00ba 57-59)<\/strong><\/p>\n","protected":false},"excerpt":{"rendered":"<p>Durante la semana del 13 al 17 de JUNIO la Biblioteca\u00a0NO ABRIR\u00c1\u00a0 por las tardes.\u00a0Pueden dirigirse a alguna de las tres bibliotecas m\u00e1s pr\u00f3ximas: San Juli\u00e1n (C\/San Hermenegildo s\/n) Felipe Gonz\u00e1lez (C\/Torneo s\/n) Julia Uceda (Centro C\u00edvico San Fernando, 2\u00aa planta. C\/Don Fadrique, n\u00ba 57-59)<\/p>\n","protected":false},"author":1,"featured_media":0,"comment_status":"open","ping_status":"open","sticky":false,"template":"","format":"standard","meta":[],"categories":[1],"tags":[],"_links":{"self":[{"href":"http:\/\/www.rmbs.es\/blog\/biblioteca-alberto-lista\/index.php?rest_route=\/wp\/v2\/posts\/2567"}],"collection":[{"href":"http:\/\/www.rmbs.es\/blog\/biblioteca-alberto-lista\/index.php?rest_route=\/wp\/v2\/posts"}],"about":[{"href":"http:\/\/www.rmbs.es\/blog\/biblioteca-alberto-lista\/index.php?rest_route=\/wp\/v2\/types\/post"}],"author":[{"embeddable":true,"href":"http:\/\/www.rmbs.es\/blog\/biblioteca-alberto-lista\/index.php?rest_route=\/wp\/v2\/users\/1"}],"replies":[{"embeddable":true,"href":"http:\/\/www.rmbs.es\/blog\/biblioteca-alberto-lista\/index.php?rest_route=%2Fwp%2Fv2%2Fcomments&post=2567"}],"version-history":[{"count":1,"href":"http:\/\/www.rmbs.es\/blog\/biblioteca-alberto-lista\/index.php?rest_route=\/wp\/v2\/posts\/2567\/revisions"}],"predecessor-version":[{"id":2568,"href":"http:\/\/www.rmbs.es\/blog\/biblioteca-alberto-lista\/index.php?rest_route=\/wp\/v2\/posts\/2567\/revisions\/2568"}],"wp:attachment":[{"href":"http:\/\/www.rmbs.es\/blog\/biblioteca-alberto-lista\/index.php?rest_route=%2Fwp%2Fv2%2Fmedia&parent=2567"}],"wp:term":[{"taxonomy":"category","embeddable":true,"href":"http:\/\/www.rmbs.es\/blog\/biblioteca-alberto-lista\/index.php?rest_route=%2Fwp%2Fv2%2Fcategories&post=2567"},{"taxonomy":"post_tag","embeddable":true,"href":"http:\/\/www.rmbs.es\/blog\/biblioteca-alberto-lista\/index.php?rest_route=%2Fwp%2Fv2%2Ftags&post=2567"}],"curies":[{"name":"wp","href":"https:\/\/api.w.org\/{rel}","templated":true}]}}