{"id":2561,"date":"2022-05-26T12:46:02","date_gmt":"2022-05-26T10:46:02","guid":{"rendered":"http:\/\/www.rmbs.es\/blog\/biblioteca-alberto-lista\/?p=2561"},"modified":"2022-05-26T12:46:02","modified_gmt":"2022-05-26T10:46:02","slug":"el-apasionante-mundo-de-la-novela-grafica","status":"publish","type":"post","link":"http:\/\/www.rmbs.es\/blog\/biblioteca-alberto-lista\/?p=2561","title":{"rendered":"EL APASIONANTE MUNDO DE LA NOVELA GR\u00c1FICA"},"content":{"rendered":"<p><span style=\"color: #000000;\"><strong><span style=\"color: #0000ff;\"><a href=\"http:\/\/www.rmbs.es\/blog\/biblioteca-alberto-lista\/wp-content\/uploads\/2022\/05\/06-08.jpg\"><img decoding=\"async\" loading=\"lazy\" class=\"alignright size-full wp-image-2564\" src=\"http:\/\/www.rmbs.es\/blog\/biblioteca-alberto-lista\/wp-content\/uploads\/2022\/05\/06-08.jpg\" alt=\"\" width=\"640\" height=\"640\" srcset=\"http:\/\/www.rmbs.es\/blog\/biblioteca-alberto-lista\/wp-content\/uploads\/2022\/05\/06-08.jpg 640w, http:\/\/www.rmbs.es\/blog\/biblioteca-alberto-lista\/wp-content\/uploads\/2022\/05\/06-08-150x150.jpg 150w, http:\/\/www.rmbs.es\/blog\/biblioteca-alberto-lista\/wp-content\/uploads\/2022\/05\/06-08-300x300.jpg 300w, http:\/\/www.rmbs.es\/blog\/biblioteca-alberto-lista\/wp-content\/uploads\/2022\/05\/06-08-24x24.jpg 24w, http:\/\/www.rmbs.es\/blog\/biblioteca-alberto-lista\/wp-content\/uploads\/2022\/05\/06-08-36x36.jpg 36w, http:\/\/www.rmbs.es\/blog\/biblioteca-alberto-lista\/wp-content\/uploads\/2022\/05\/06-08-48x48.jpg 48w\" sizes=\"(max-width: 640px) 100vw, 640px\" \/><\/a><\/span><br \/>\n<span style=\"color: #008000;\">D\u00cdAS 7 y 8 de JUNIO de 2022 \u00a0\u00a0 \u00a0\u00a0<\/span><br \/>\n<span style=\"color: #ff0000;\">El apasionante mundo de la novela gr\u00e1fica\u00a0<\/span><br \/>\n(conducido por Fran Nu\u00f1o)<br \/>\n<\/strong>Se abordar\u00e1n sus or\u00edgenes, sus distintas vertientes, guionistas, dibujantes, t\u00edtulos m\u00edticos y diferentes tendencias\u2026\u00a0 Una amplia selecci\u00f3n de la <u>valiosa colecci\u00f3n de t\u00edtulos de novela gr\u00e1fica existente en la Biblioteca ser\u00e1 mostrada a los participantes.<\/u><strong><br \/>\n<\/strong>D\u00cdA 7: El origen de la novela gr\u00e1fica y sus diferentes tendencias<br \/>\nD\u00cdA 8: Recomendaci\u00f3n de sus t\u00edtulos m\u00edticos y exposici\u00f3n del fondo de la biblioteca.<strong><br \/>\n<\/strong><u>PARTICIPANTES<\/u>: 15 (inampliable)<br \/>\n<u>HORARIO<\/u>: De 18.30 a 19.30 h.<br \/>\n<u>DESTINATARIOS<\/u>: P\u00fablico en general, <u>MAYORES DE 14 A\u00d1OS<\/u><br \/>\n<u>INSCRIPCIONES:(gratuitas<\/u>)<br \/>\nhasta las 18.00 h. horas del d\u00eda 7 de JUNIO<br \/>\nA) por tel\u00e9fono (955472081)<\/span><span style=\"color: #000000;\"><br \/>\nB) por e-mail: (albertolista.sbs.cultura@sevilla.org)<\/span><span style=\"color: #000000;\"><br \/>\n(Indicar NOMBRE Y APELLIDOS\/ DNI\/ TEL.M\u00d3VIL )<br \/>\nC) en la biblioteca<br \/>\n(cumplimentar hoja de inscripci\u00f3n)<\/span><\/p>\n","protected":false},"excerpt":{"rendered":"<p>D\u00cdAS 7 y 8 de JUNIO de 2022 \u00a0\u00a0 \u00a0\u00a0 El apasionante mundo de la novela gr\u00e1fica\u00a0 (conducido por Fran Nu\u00f1o) Se abordar\u00e1n sus or\u00edgenes, sus distintas vertientes, guionistas, dibujantes, t\u00edtulos m\u00edticos y diferentes tendencias\u2026\u00a0 Una amplia selecci\u00f3n de la valiosa colecci\u00f3n de t\u00edtulos de novela gr\u00e1fica existente en la Biblioteca ser\u00e1 mostrada a los&#8230;<\/p>\n","protected":false},"author":1,"featured_media":0,"comment_status":"open","ping_status":"open","sticky":false,"template":"","format":"standard","meta":[],"categories":[1],"tags":[],"_links":{"self":[{"href":"http:\/\/www.rmbs.es\/blog\/biblioteca-alberto-lista\/index.php?rest_route=\/wp\/v2\/posts\/2561"}],"collection":[{"href":"http:\/\/www.rmbs.es\/blog\/biblioteca-alberto-lista\/index.php?rest_route=\/wp\/v2\/posts"}],"about":[{"href":"http:\/\/www.rmbs.es\/blog\/biblioteca-alberto-lista\/index.php?rest_route=\/wp\/v2\/types\/post"}],"author":[{"embeddable":true,"href":"http:\/\/www.rmbs.es\/blog\/biblioteca-alberto-lista\/index.php?rest_route=\/wp\/v2\/users\/1"}],"replies":[{"embeddable":true,"href":"http:\/\/www.rmbs.es\/blog\/biblioteca-alberto-lista\/index.php?rest_route=%2Fwp%2Fv2%2Fcomments&post=2561"}],"version-history":[{"count":3,"href":"http:\/\/www.rmbs.es\/blog\/biblioteca-alberto-lista\/index.php?rest_route=\/wp\/v2\/posts\/2561\/revisions"}],"predecessor-version":[{"id":2565,"href":"http:\/\/www.rmbs.es\/blog\/biblioteca-alberto-lista\/index.php?rest_route=\/wp\/v2\/posts\/2561\/revisions\/2565"}],"wp:attachment":[{"href":"http:\/\/www.rmbs.es\/blog\/biblioteca-alberto-lista\/index.php?rest_route=%2Fwp%2Fv2%2Fmedia&parent=2561"}],"wp:term":[{"taxonomy":"category","embeddable":true,"href":"http:\/\/www.rmbs.es\/blog\/biblioteca-alberto-lista\/index.php?rest_route=%2Fwp%2Fv2%2Fcategories&post=2561"},{"taxonomy":"post_tag","embeddable":true,"href":"http:\/\/www.rmbs.es\/blog\/biblioteca-alberto-lista\/index.php?rest_route=%2Fwp%2Fv2%2Ftags&post=2561"}],"curies":[{"name":"wp","href":"https:\/\/api.w.org\/{rel}","templated":true}]}}