{"id":2559,"date":"2022-05-23T13:23:24","date_gmt":"2022-05-23T11:23:24","guid":{"rendered":"http:\/\/www.rmbs.es\/blog\/biblioteca-alberto-lista\/?p=2559"},"modified":"2022-05-23T13:23:24","modified_gmt":"2022-05-23T11:23:24","slug":"la-biblioteca-cerrara-por-las-tardes-esta-semana","status":"publish","type":"post","link":"http:\/\/www.rmbs.es\/blog\/biblioteca-alberto-lista\/?p=2559","title":{"rendered":"LA BIBLIOTECA CERRAR\u00c1 POR LAS TARDES ESTA SEMANA"},"content":{"rendered":"<p><span style=\"color: #333333;\"><strong>Durante la semana del 23 al 27 de mayo la Biblioteca <span style=\"color: #ff0000;\">NO ABRIR\u00c1<\/span>\u00a0 por las tardes.\u00a0Pueden dirigirse a alguna de las tres bibliotecas m\u00e1s pr\u00f3ximas:<br \/>\n<\/strong>San Juli\u00e1n (C\/San Hermenegildo s\/n)<br \/>\nFelipe Gonz\u00e1lez (C\/Torneo s\/n)<br \/>\nJulia Uceda (Centro C\u00edvico San Fernando, 2\u00aa planta. C\/Don Fadrique, n\u00ba 57-59)<\/span><\/p>\n","protected":false},"excerpt":{"rendered":"<p>Durante la semana del 23 al 27 de mayo la Biblioteca NO ABRIR\u00c1\u00a0 por las tardes.\u00a0Pueden dirigirse a alguna de las tres bibliotecas m\u00e1s pr\u00f3ximas: San Juli\u00e1n (C\/San Hermenegildo s\/n) Felipe Gonz\u00e1lez (C\/Torneo s\/n) Julia Uceda (Centro C\u00edvico San Fernando, 2\u00aa planta. C\/Don Fadrique, n\u00ba 57-59)<\/p>\n","protected":false},"author":1,"featured_media":0,"comment_status":"open","ping_status":"open","sticky":false,"template":"","format":"standard","meta":[],"categories":[1],"tags":[],"_links":{"self":[{"href":"http:\/\/www.rmbs.es\/blog\/biblioteca-alberto-lista\/index.php?rest_route=\/wp\/v2\/posts\/2559"}],"collection":[{"href":"http:\/\/www.rmbs.es\/blog\/biblioteca-alberto-lista\/index.php?rest_route=\/wp\/v2\/posts"}],"about":[{"href":"http:\/\/www.rmbs.es\/blog\/biblioteca-alberto-lista\/index.php?rest_route=\/wp\/v2\/types\/post"}],"author":[{"embeddable":true,"href":"http:\/\/www.rmbs.es\/blog\/biblioteca-alberto-lista\/index.php?rest_route=\/wp\/v2\/users\/1"}],"replies":[{"embeddable":true,"href":"http:\/\/www.rmbs.es\/blog\/biblioteca-alberto-lista\/index.php?rest_route=%2Fwp%2Fv2%2Fcomments&post=2559"}],"version-history":[{"count":1,"href":"http:\/\/www.rmbs.es\/blog\/biblioteca-alberto-lista\/index.php?rest_route=\/wp\/v2\/posts\/2559\/revisions"}],"predecessor-version":[{"id":2560,"href":"http:\/\/www.rmbs.es\/blog\/biblioteca-alberto-lista\/index.php?rest_route=\/wp\/v2\/posts\/2559\/revisions\/2560"}],"wp:attachment":[{"href":"http:\/\/www.rmbs.es\/blog\/biblioteca-alberto-lista\/index.php?rest_route=%2Fwp%2Fv2%2Fmedia&parent=2559"}],"wp:term":[{"taxonomy":"category","embeddable":true,"href":"http:\/\/www.rmbs.es\/blog\/biblioteca-alberto-lista\/index.php?rest_route=%2Fwp%2Fv2%2Fcategories&post=2559"},{"taxonomy":"post_tag","embeddable":true,"href":"http:\/\/www.rmbs.es\/blog\/biblioteca-alberto-lista\/index.php?rest_route=%2Fwp%2Fv2%2Ftags&post=2559"}],"curies":[{"name":"wp","href":"https:\/\/api.w.org\/{rel}","templated":true}]}}