{"id":2529,"date":"2022-01-03T14:16:14","date_gmt":"2022-01-03T12:16:14","guid":{"rendered":"http:\/\/www.rmbs.es\/blog\/biblioteca-alberto-lista\/?p=2529"},"modified":"2022-01-03T14:16:14","modified_gmt":"2022-01-03T12:16:14","slug":"novedades-enero-en-la-biblioteca","status":"publish","type":"post","link":"http:\/\/www.rmbs.es\/blog\/biblioteca-alberto-lista\/?p=2529","title":{"rendered":"NOVEDADES ENERO EN LA BIBLIOTECA"},"content":{"rendered":"<p>Aqu\u00ed os dejamos algunas rese\u00f1as de las \u00faltimas novedades que pod\u00e9is ir llevando a casa:<\/p>\n<p><a href=\"http:\/\/www.rmbs.es\/blog\/biblioteca-alberto-lista\/wp-content\/uploads\/2022\/01\/yoga.jpg\"><img decoding=\"async\" loading=\"lazy\" class=\"size-full wp-image-2535 alignleft\" src=\"http:\/\/www.rmbs.es\/blog\/biblioteca-alberto-lista\/wp-content\/uploads\/2022\/01\/yoga.jpg\" alt=\"\" width=\"340\" height=\"340\" srcset=\"http:\/\/www.rmbs.es\/blog\/biblioteca-alberto-lista\/wp-content\/uploads\/2022\/01\/yoga.jpg 340w, http:\/\/www.rmbs.es\/blog\/biblioteca-alberto-lista\/wp-content\/uploads\/2022\/01\/yoga-150x150.jpg 150w, http:\/\/www.rmbs.es\/blog\/biblioteca-alberto-lista\/wp-content\/uploads\/2022\/01\/yoga-300x300.jpg 300w, http:\/\/www.rmbs.es\/blog\/biblioteca-alberto-lista\/wp-content\/uploads\/2022\/01\/yoga-24x24.jpg 24w, http:\/\/www.rmbs.es\/blog\/biblioteca-alberto-lista\/wp-content\/uploads\/2022\/01\/yoga-36x36.jpg 36w, http:\/\/www.rmbs.es\/blog\/biblioteca-alberto-lista\/wp-content\/uploads\/2022\/01\/yoga-48x48.jpg 48w\" sizes=\"(max-width: 340px) 100vw, 340px\" \/><\/a>Este libro de Emmanuel Carr\u00e8re, premio Princesa de Asturias de las letras en 2021, no debe despistarnos por su titulo, pues no se trata de un manual pr\u00e1ctico sobre Yoga, sino m\u00e1s bien, un libro que nos narra en primera persona y sin ning\u00fan tipo de tapujo de la profunda depresi\u00f3n con tendencias suicidas que llev\u00f3 al autor a ser hospitalizado, diagnosticado de trastorno bipolar y tratado durante cuatro meses. En esta obra, deslumbrante a la vez que desgarradora, se entrecruzan la autobiograf\u00eda, el ensayo y la cr\u00f3nica period\u00edstica. Carr\u00e8tr habla sobre s\u00ed mismo y da un paso m\u00e1s en su exploraci\u00f3n de los l\u00edmites de lo literario.<\/p>\n<p><a href=\"http:\/\/www.rmbs.es\/blog\/biblioteca-alberto-lista\/wp-content\/uploads\/2022\/01\/sara-mesa-un-amor.jpg\"><img decoding=\"async\" loading=\"lazy\" class=\"alignright size-full wp-image-2534\" src=\"http:\/\/www.rmbs.es\/blog\/biblioteca-alberto-lista\/wp-content\/uploads\/2022\/01\/sara-mesa-un-amor.jpg\" alt=\"\" width=\"229\" height=\"360\" srcset=\"http:\/\/www.rmbs.es\/blog\/biblioteca-alberto-lista\/wp-content\/uploads\/2022\/01\/sara-mesa-un-amor.jpg 229w, http:\/\/www.rmbs.es\/blog\/biblioteca-alberto-lista\/wp-content\/uploads\/2022\/01\/sara-mesa-un-amor-191x300.jpg 191w, http:\/\/www.rmbs.es\/blog\/biblioteca-alberto-lista\/wp-content\/uploads\/2022\/01\/sara-mesa-un-amor-95x150.jpg 95w, http:\/\/www.rmbs.es\/blog\/biblioteca-alberto-lista\/wp-content\/uploads\/2022\/01\/sara-mesa-un-amor-15x24.jpg 15w, http:\/\/www.rmbs.es\/blog\/biblioteca-alberto-lista\/wp-content\/uploads\/2022\/01\/sara-mesa-un-amor-23x36.jpg 23w, http:\/\/www.rmbs.es\/blog\/biblioteca-alberto-lista\/wp-content\/uploads\/2022\/01\/sara-mesa-un-amor-31x48.jpg 31w\" sizes=\"(max-width: 229px) 100vw, 229px\" \/><\/a>Este libro de la escritora sevillana es una novela que se desarrolla en La Escapa, un peque\u00f1o n\u00facleo rural don de Nat, una joven traductora, acaba de mudarse.<span style=\"color: rgba(0, 0, 0, 0.87); text-transform: none; text-indent: 0px; letter-spacing: normal; font-family: 'Work Sans', 'Source Sans Pro', -apple-system, BlinkMacSystemFont, 'Segoe UI', Roboto, 'Helvetica Neue', Arial, sans-serif; font-size: 16px; font-style: normal; font-weight: 400; word-spacing: 0px; float: none; display: inline !important; white-space: normal; orphans: 2; widows: 2; background-color: #ffffff; font-variant-ligatures: normal; font-variant-caps: normal; -webkit-text-stroke-width: 0px; text-decoration-thickness: initial; text-decoration-style: initial; text-decoration-color: initial;\"> Su casero, que le regala un perro como gesto de bienvenida, no tardar\u00e1 en mostrar su verdadera cara, y los conflictos en torno a la casa alquilada se convertir\u00e1n en una verdadera obsesi\u00f3n para ella. El resto de los habitantes de la zona \u2013la chica de la tienda, P\u00edter el hippie, la vieja y demente Roberta, Andreas el alem\u00e1n, la familia de ciudad que pasa all\u00ed los fines de semana\u2013 acoger\u00e1n a Nat con aparente normalidad, mientras de fondo laten la incomprensi\u00f3n y la extra\u00f1eza mutuas.<\/span><\/p>\n<p><span style=\"color: rgba(0, 0, 0, 0.87); text-transform: none; text-indent: 0px; letter-spacing: normal; font-family: 'Work Sans', 'Source Sans Pro', -apple-system, BlinkMacSystemFont, 'Segoe UI', Roboto, 'Helvetica Neue', Arial, sans-serif; font-size: 16px; font-style: normal; font-weight: 400; word-spacing: 0px; float: none; display: inline !important; white-space: normal; orphans: 2; widows: 2; background-color: #ffffff; font-variant-ligatures: normal; font-variant-caps: normal; -webkit-text-stroke-width: 0px; text-decoration-thickness: initial; text-decoration-style: initial; text-decoration-color: initial;\">Sara Mesa vuelve a confrontar al lector con los l\u00edmites de su propia moral en una obra ambiciosa, arriesgada y s\u00f3lida en la que, como si de una tragedia griega se tratara, las pulsiones m\u00e1s insospechadas de sus protagonistas van emergiendo poco a poco mientras, de forma paralela, la comunidad construye su chivo expiatorio.<\/span><\/p>\n<p>Y, por \u00faltimo, os ofrecemos la lectura de <a href=\"http:\/\/www.rmbs.es\/blog\/biblioteca-alberto-lista\/wp-content\/uploads\/2022\/01\/los-habitantes-del-bosque.jpg\"><img decoding=\"async\" loading=\"lazy\" class=\"alignright size-full wp-image-2532\" src=\"http:\/\/www.rmbs.es\/blog\/biblioteca-alberto-lista\/wp-content\/uploads\/2022\/01\/los-habitantes-del-bosque.jpg\" alt=\"\" width=\"229\" height=\"339\" srcset=\"http:\/\/www.rmbs.es\/blog\/biblioteca-alberto-lista\/wp-content\/uploads\/2022\/01\/los-habitantes-del-bosque.jpg 229w, http:\/\/www.rmbs.es\/blog\/biblioteca-alberto-lista\/wp-content\/uploads\/2022\/01\/los-habitantes-del-bosque-203x300.jpg 203w, http:\/\/www.rmbs.es\/blog\/biblioteca-alberto-lista\/wp-content\/uploads\/2022\/01\/los-habitantes-del-bosque-101x150.jpg 101w, http:\/\/www.rmbs.es\/blog\/biblioteca-alberto-lista\/wp-content\/uploads\/2022\/01\/los-habitantes-del-bosque-16x24.jpg 16w, http:\/\/www.rmbs.es\/blog\/biblioteca-alberto-lista\/wp-content\/uploads\/2022\/01\/los-habitantes-del-bosque-24x36.jpg 24w, http:\/\/www.rmbs.es\/blog\/biblioteca-alberto-lista\/wp-content\/uploads\/2022\/01\/los-habitantes-del-bosque-32x48.jpg 32w\" sizes=\"(max-width: 229px) 100vw, 229px\" \/><\/a>\u00abLos habitantes del bosque\u00bb. Esta novela, in\u00e9dita hasta el momento en castellano, es una de las novelas m\u00e1s brillantes, controvertidas y representativas de la narrativa de Thomas Hardy, quien siempre la consider\u00f3 su obra favorita. Sus evocadores paisajes y sus personajes llenos de fuerza hacen de\u00a0<i><b>Los habitantes del bosque<\/b><\/i>\u00a0una obra indispensable.<\/p>\n<p>Grace Melbury, la preciosa y delicada hija de un pr\u00f3spero maderero que har\u00eda cualquier cosa por ella, regresa al peque\u00f1o pueblo de su infancia despu\u00e9s de haber recibido una refinada educaci\u00f3n lejos de all\u00ed. Su reencuentro con quien siempre estuvo destinado a ser su marido, Giles Winterborne, les revela a los dos que, pese a todo lo que \u00e9l pueda amarla, no est\u00e1 a la altura de sus nuevas expectativas sociales y, en cambio, s\u00ed lo est\u00e1 el nuevo m\u00e9dico de la regi\u00f3n, el aristocr\u00e1tico Edred Fitzpiers, que aparece rodeado de libros y de un raro halo de misterio. La relaci\u00f3n que se establece entre los tres se ver\u00e1 salpicada de malentendidos y traiciones, pero tambi\u00e9n de una devoci\u00f3n y una lealtad que conducir\u00e1n a un desenlace extraordinario.<\/p>\n","protected":false},"excerpt":{"rendered":"<p>Aqu\u00ed os dejamos algunas rese\u00f1as de las \u00faltimas novedades que pod\u00e9is ir llevando a casa: Este libro de Emmanuel Carr\u00e8re, premio Princesa de Asturias de las letras en 2021, no debe despistarnos por su titulo, pues no se trata de un manual pr\u00e1ctico sobre Yoga, sino m\u00e1s bien, un libro que nos narra en primera&#8230;<\/p>\n","protected":false},"author":1,"featured_media":0,"comment_status":"open","ping_status":"open","sticky":false,"template":"","format":"standard","meta":[],"categories":[1],"tags":[],"_links":{"self":[{"href":"http:\/\/www.rmbs.es\/blog\/biblioteca-alberto-lista\/index.php?rest_route=\/wp\/v2\/posts\/2529"}],"collection":[{"href":"http:\/\/www.rmbs.es\/blog\/biblioteca-alberto-lista\/index.php?rest_route=\/wp\/v2\/posts"}],"about":[{"href":"http:\/\/www.rmbs.es\/blog\/biblioteca-alberto-lista\/index.php?rest_route=\/wp\/v2\/types\/post"}],"author":[{"embeddable":true,"href":"http:\/\/www.rmbs.es\/blog\/biblioteca-alberto-lista\/index.php?rest_route=\/wp\/v2\/users\/1"}],"replies":[{"embeddable":true,"href":"http:\/\/www.rmbs.es\/blog\/biblioteca-alberto-lista\/index.php?rest_route=%2Fwp%2Fv2%2Fcomments&post=2529"}],"version-history":[{"count":1,"href":"http:\/\/www.rmbs.es\/blog\/biblioteca-alberto-lista\/index.php?rest_route=\/wp\/v2\/posts\/2529\/revisions"}],"predecessor-version":[{"id":2537,"href":"http:\/\/www.rmbs.es\/blog\/biblioteca-alberto-lista\/index.php?rest_route=\/wp\/v2\/posts\/2529\/revisions\/2537"}],"wp:attachment":[{"href":"http:\/\/www.rmbs.es\/blog\/biblioteca-alberto-lista\/index.php?rest_route=%2Fwp%2Fv2%2Fmedia&parent=2529"}],"wp:term":[{"taxonomy":"category","embeddable":true,"href":"http:\/\/www.rmbs.es\/blog\/biblioteca-alberto-lista\/index.php?rest_route=%2Fwp%2Fv2%2Fcategories&post=2529"},{"taxonomy":"post_tag","embeddable":true,"href":"http:\/\/www.rmbs.es\/blog\/biblioteca-alberto-lista\/index.php?rest_route=%2Fwp%2Fv2%2Ftags&post=2529"}],"curies":[{"name":"wp","href":"https:\/\/api.w.org\/{rel}","templated":true}]}}