{"id":2524,"date":"2021-12-15T13:08:18","date_gmt":"2021-12-15T11:08:18","guid":{"rendered":"http:\/\/www.rmbs.es\/blog\/biblioteca-alberto-lista\/?p=2524"},"modified":"2021-12-15T13:16:40","modified_gmt":"2021-12-15T11:16:40","slug":"horario-y-prestamo-especial-de-navidad","status":"publish","type":"post","link":"http:\/\/www.rmbs.es\/blog\/biblioteca-alberto-lista\/?p=2524","title":{"rendered":"HORARIO Y PRESTAMO ESPECIAL DE NAVIDAD"},"content":{"rendered":"<p><span style=\"color: #339966;\">A partir del d\u00eda <strong>15 de diciembre y hasta el 15 de enero<\/strong>, las bibliotecas municipales comenzaremos con el horario de navidad, que ser\u00e1 de <strong>lunes a viernes de 9 a 14h<\/strong>., estando cerradas los d\u00edas 24, 31 y 6 de enero.<\/span><\/p>\n<p><span style=\"color: #339966;\">Asimismo, hemos activado el <strong>pr\u00e9stamo de navidad<\/strong>, con el que podr\u00e9is llevaros los libros a casa durante <strong>25 d\u00edas<\/strong> con la posibilidad de prorrogar este pr\u00e9stamos dos veces (15 d\u00edas cada vez).<\/span><\/p>\n<p style=\"text-align: center;\"><span style=\"color: #339966;\">\u00a1\u00a1Os esperamos!!<\/span><\/p>\n","protected":false},"excerpt":{"rendered":"<p>A partir del d\u00eda 15 de diciembre y hasta el 15 de enero, las bibliotecas municipales comenzaremos con el horario de navidad, que ser\u00e1 de lunes a viernes de 9 a 14h., estando cerradas los d\u00edas 24, 31 y 6 de enero. Asimismo, hemos activado el pr\u00e9stamo de navidad, con el que podr\u00e9is llevaros los&#8230;<\/p>\n","protected":false},"author":1,"featured_media":0,"comment_status":"open","ping_status":"open","sticky":false,"template":"","format":"standard","meta":[],"categories":[1],"tags":[],"_links":{"self":[{"href":"http:\/\/www.rmbs.es\/blog\/biblioteca-alberto-lista\/index.php?rest_route=\/wp\/v2\/posts\/2524"}],"collection":[{"href":"http:\/\/www.rmbs.es\/blog\/biblioteca-alberto-lista\/index.php?rest_route=\/wp\/v2\/posts"}],"about":[{"href":"http:\/\/www.rmbs.es\/blog\/biblioteca-alberto-lista\/index.php?rest_route=\/wp\/v2\/types\/post"}],"author":[{"embeddable":true,"href":"http:\/\/www.rmbs.es\/blog\/biblioteca-alberto-lista\/index.php?rest_route=\/wp\/v2\/users\/1"}],"replies":[{"embeddable":true,"href":"http:\/\/www.rmbs.es\/blog\/biblioteca-alberto-lista\/index.php?rest_route=%2Fwp%2Fv2%2Fcomments&post=2524"}],"version-history":[{"count":3,"href":"http:\/\/www.rmbs.es\/blog\/biblioteca-alberto-lista\/index.php?rest_route=\/wp\/v2\/posts\/2524\/revisions"}],"predecessor-version":[{"id":2527,"href":"http:\/\/www.rmbs.es\/blog\/biblioteca-alberto-lista\/index.php?rest_route=\/wp\/v2\/posts\/2524\/revisions\/2527"}],"wp:attachment":[{"href":"http:\/\/www.rmbs.es\/blog\/biblioteca-alberto-lista\/index.php?rest_route=%2Fwp%2Fv2%2Fmedia&parent=2524"}],"wp:term":[{"taxonomy":"category","embeddable":true,"href":"http:\/\/www.rmbs.es\/blog\/biblioteca-alberto-lista\/index.php?rest_route=%2Fwp%2Fv2%2Fcategories&post=2524"},{"taxonomy":"post_tag","embeddable":true,"href":"http:\/\/www.rmbs.es\/blog\/biblioteca-alberto-lista\/index.php?rest_route=%2Fwp%2Fv2%2Ftags&post=2524"}],"curies":[{"name":"wp","href":"https:\/\/api.w.org\/{rel}","templated":true}]}}