{"id":2514,"date":"2021-12-15T12:50:18","date_gmt":"2021-12-15T10:50:18","guid":{"rendered":"http:\/\/www.rmbs.es\/blog\/biblioteca-alberto-lista\/?p=2514"},"modified":"2021-12-15T12:57:06","modified_gmt":"2021-12-15T10:57:06","slug":"van-llegando-novedades-a-la-biblioteca","status":"publish","type":"post","link":"http:\/\/www.rmbs.es\/blog\/biblioteca-alberto-lista\/?p=2514","title":{"rendered":"VAN LLEGANDO NOVEDADES A LA BIBLIOTECA"},"content":{"rendered":"<p><span style=\"color: #993366;\"><strong>Estos d\u00edas estamos recibiendo novedades que ya van estando a disposici\u00f3n de todos nuestr@s lector@s.<\/strong><\/span><\/p>\n<p><span style=\"color: #993366;\"><strong>Han llegado a la biblioteca nuevas\u00a0 novelas, comics, cuentos,&#8230;Hoy vamos a recomendaros algunas novelas hist\u00f3ricas que ya os pod\u00e9is ir llevando en pr\u00e9stamo.<\/strong><\/span><\/p>\n<p>En su \u00faltima novela, <strong>Jes\u00fas S\u00e1nchez Adalid<\/strong> nos recrea el agitado comienzo del segund0 milenio: la vida en los castillos y campamentos guerreros, las peculiares relaciones entre nobles y cl\u00e9rigos, la rica cultura monacal, las costumbres cotidianas, el amor, la guerra, el miedo y el valor. Todo esto ambientado en la\u00a0 tierra poblada de\u00a0<img decoding=\"async\" loading=\"lazy\" class=\"wp-image-2517 alignleft\" src=\"http:\/\/www.rmbs.es\/blog\/biblioteca-alberto-lista\/wp-content\/uploads\/2021\/12\/las-armas-de-la-luz-s\u00e1nchez-adalid-2-225x300.jpg\" alt=\"\" width=\"231\" height=\"308\" srcset=\"http:\/\/www.rmbs.es\/blog\/biblioteca-alberto-lista\/wp-content\/uploads\/2021\/12\/las-armas-de-la-luz-s\u00e1nchez-adalid-2-225x300.jpg 225w, http:\/\/www.rmbs.es\/blog\/biblioteca-alberto-lista\/wp-content\/uploads\/2021\/12\/las-armas-de-la-luz-s\u00e1nchez-adalid-2-112x150.jpg 112w, http:\/\/www.rmbs.es\/blog\/biblioteca-alberto-lista\/wp-content\/uploads\/2021\/12\/las-armas-de-la-luz-s\u00e1nchez-adalid-2-18x24.jpg 18w, http:\/\/www.rmbs.es\/blog\/biblioteca-alberto-lista\/wp-content\/uploads\/2021\/12\/las-armas-de-la-luz-s\u00e1nchez-adalid-2-27x36.jpg 27w, http:\/\/www.rmbs.es\/blog\/biblioteca-alberto-lista\/wp-content\/uploads\/2021\/12\/las-armas-de-la-luz-s\u00e1nchez-adalid-2-36x48.jpg 36w, http:\/\/www.rmbs.es\/blog\/biblioteca-alberto-lista\/wp-content\/uploads\/2021\/12\/las-armas-de-la-luz-s\u00e1nchez-adalid-2.jpg 609w\" sizes=\"(max-width: 231px) 100vw, 231px\" \/>luminosas ciudades como Barcelona, Gerona, Seo de Urgell, Berga, Manresa, Tortosa, L\u00e9rida\u0085; y de grandes monasterios que extienden su influencia: Santa Mar\u00eda de Ripoll, San Cugat,\u00a0 San Mart\u00edn de Canig\u00f3 Con la C\u00f3rdoba califal como tel\u00f3n de fondo.<\/p>\n<p style=\"text-align: left;\"><strong>Las armas de la luz<\/strong>\u00a0nos regala un viaje claro y an\u00edmico hacia el sorprendente mundo medieval, en el que se cruzan y entremezclan h\u00e9roes de ficci\u00f3n y protagonistas hist\u00f3ricos, en la epopeya de una tierra que lucha por regir su propio destino.<\/p>\n<p><strong>La bibliotecaria de Saint-Malo,<\/strong> novela de <strong>Mario Escobar,<\/strong> nos narra de historia de Jocely,\u00a0<span class=\"s1\">\u00a0guardiana de la Bib<img decoding=\"async\" loading=\"lazy\" class=\"alignright wp-image-2515 \" src=\"http:\/\/www.rmbs.es\/blog\/biblioteca-alberto-lista\/wp-content\/uploads\/2021\/12\/la-bibliotecaria-de-saint-malo-199x300.jpg\" alt=\"\" width=\"187\" height=\"282\" srcset=\"http:\/\/www.rmbs.es\/blog\/biblioteca-alberto-lista\/wp-content\/uploads\/2021\/12\/la-bibliotecaria-de-saint-malo-199x300.jpg 199w, http:\/\/www.rmbs.es\/blog\/biblioteca-alberto-lista\/wp-content\/uploads\/2021\/12\/la-bibliotecaria-de-saint-malo-768x1159.jpg 768w, http:\/\/www.rmbs.es\/blog\/biblioteca-alberto-lista\/wp-content\/uploads\/2021\/12\/la-bibliotecaria-de-saint-malo-679x1024.jpg 679w, http:\/\/www.rmbs.es\/blog\/biblioteca-alberto-lista\/wp-content\/uploads\/2021\/12\/la-bibliotecaria-de-saint-malo-99x150.jpg 99w, http:\/\/www.rmbs.es\/blog\/biblioteca-alberto-lista\/wp-content\/uploads\/2021\/12\/la-bibliotecaria-de-saint-malo-16x24.jpg 16w, http:\/\/www.rmbs.es\/blog\/biblioteca-alberto-lista\/wp-content\/uploads\/2021\/12\/la-bibliotecaria-de-saint-malo-24x36.jpg 24w, http:\/\/www.rmbs.es\/blog\/biblioteca-alberto-lista\/wp-content\/uploads\/2021\/12\/la-bibliotecaria-de-saint-malo-32x48.jpg 32w, http:\/\/www.rmbs.es\/blog\/biblioteca-alberto-lista\/wp-content\/uploads\/2021\/12\/la-bibliotecaria-de-saint-malo.jpg 1600w\" sizes=\"(max-width: 187px) 100vw, 187px\" \/>lioteca de Saint-Malo, una mujer hu\u00e9rfana que se aferra a la literatura y a su marido Antoine. Pero ambos corren peligro: la llegada de las tropas alemanas a la ciudad, en especial aquella del comandante Adolf Bauman, empe\u00f1ado en robar algunos de los incunables que tan celosamente guarda la bibliotecaria.<\/span><\/p>\n<p><span class=\"s1\">El capit\u00e1n Hermann von Choltitz, amante de los libros, es enviado por las autoridades alemanas para expurgar las bibliotecas de la regi\u00f3n, pero se resiste a destruirlos. Jocelyn y Hermann comenzar\u00e1n una amistad imposible: los libros les unen, pero la violencia y la guerra los separa.<\/span><\/p>\n<p class=\"p1\"><span class=\"s1\">Una hermosa y emocionante historia que cautivar\u00e1 a nuestros lectores que podr\u00e1n disfrutar de\u00a0\u00a0esta historia de amor, pasi\u00f3n y suspense.<\/span><\/p>\n<p>Nuestra tercera recomendaci\u00f3n de hoy es la \u00faltima novela de <strong>Jos\u00e9 Calvo Poyato,<\/strong> el conocido<img decoding=\"async\" loading=\"lazy\" class=\"size-full wp-image-2516 alignleft\" src=\"http:\/\/www.rmbs.es\/blog\/biblioteca-alberto-lista\/wp-content\/uploads\/2021\/12\/la-travesia-final.jpg\" alt=\"\" width=\"183\" height=\"266\" srcset=\"http:\/\/www.rmbs.es\/blog\/biblioteca-alberto-lista\/wp-content\/uploads\/2021\/12\/la-travesia-final.jpg 183w, http:\/\/www.rmbs.es\/blog\/biblioteca-alberto-lista\/wp-content\/uploads\/2021\/12\/la-travesia-final-103x150.jpg 103w, http:\/\/www.rmbs.es\/blog\/biblioteca-alberto-lista\/wp-content\/uploads\/2021\/12\/la-travesia-final-17x24.jpg 17w, http:\/\/www.rmbs.es\/blog\/biblioteca-alberto-lista\/wp-content\/uploads\/2021\/12\/la-travesia-final-25x36.jpg 25w, http:\/\/www.rmbs.es\/blog\/biblioteca-alberto-lista\/wp-content\/uploads\/2021\/12\/la-travesia-final-33x48.jpg 33w\" sizes=\"(max-width: 183px) 100vw, 183px\" \/>\u00a0ex pol\u00edtico, historiador y novelista espa\u00f1ol. En ella, el autor retoma la aventura de Juan Sebasti\u00e1n Elcano despu\u00e9s de realizar la primera vuelta a el mundo.<\/p>\n<p>Jose Calvo Poyato, tras el exito rotundo de\u00a0<em>La Ruta Infinita<\/em>, sit\u00faa al lector otra vez en el siglo XVI con una esplendida novela donde se suceden los grandes acontecimientos acaecidos en los a\u00f1os siguientes a la llegada de la\u00a0<em>Victoria<\/em>\u00a0al puerto de Sevilla y, con Juan Sebasti\u00e1n Elcano como protagonista despu\u00e9s de dar la primera vuelta al mundo.<\/p>\n<h5 style=\"text-align: center;\"><strong>\u00a1OS ESPERAMOS EN LA BIBLIOTECA CON ESTAS Y OTRAS NOVEDADES QUE OS IREMOS MOTRANDO POR AQU\u00cd EN LOS PR\u00d3XIMOS DIAS!<\/strong><\/h5>\n","protected":false},"excerpt":{"rendered":"<p>Estos d\u00edas estamos recibiendo novedades que ya van estando a disposici\u00f3n de todos nuestr@s lector@s. Han llegado a la biblioteca nuevas\u00a0 novelas, comics, cuentos,&#8230;Hoy vamos a recomendaros algunas novelas hist\u00f3ricas que ya os pod\u00e9is ir llevando en pr\u00e9stamo. En su \u00faltima novela, Jes\u00fas S\u00e1nchez Adalid nos recrea el agitado comienzo del segund0 milenio: la vida&#8230;<\/p>\n","protected":false},"author":1,"featured_media":0,"comment_status":"open","ping_status":"open","sticky":false,"template":"","format":"standard","meta":[],"categories":[1],"tags":[],"_links":{"self":[{"href":"http:\/\/www.rmbs.es\/blog\/biblioteca-alberto-lista\/index.php?rest_route=\/wp\/v2\/posts\/2514"}],"collection":[{"href":"http:\/\/www.rmbs.es\/blog\/biblioteca-alberto-lista\/index.php?rest_route=\/wp\/v2\/posts"}],"about":[{"href":"http:\/\/www.rmbs.es\/blog\/biblioteca-alberto-lista\/index.php?rest_route=\/wp\/v2\/types\/post"}],"author":[{"embeddable":true,"href":"http:\/\/www.rmbs.es\/blog\/biblioteca-alberto-lista\/index.php?rest_route=\/wp\/v2\/users\/1"}],"replies":[{"embeddable":true,"href":"http:\/\/www.rmbs.es\/blog\/biblioteca-alberto-lista\/index.php?rest_route=%2Fwp%2Fv2%2Fcomments&post=2514"}],"version-history":[{"count":6,"href":"http:\/\/www.rmbs.es\/blog\/biblioteca-alberto-lista\/index.php?rest_route=\/wp\/v2\/posts\/2514\/revisions"}],"predecessor-version":[{"id":2523,"href":"http:\/\/www.rmbs.es\/blog\/biblioteca-alberto-lista\/index.php?rest_route=\/wp\/v2\/posts\/2514\/revisions\/2523"}],"wp:attachment":[{"href":"http:\/\/www.rmbs.es\/blog\/biblioteca-alberto-lista\/index.php?rest_route=%2Fwp%2Fv2%2Fmedia&parent=2514"}],"wp:term":[{"taxonomy":"category","embeddable":true,"href":"http:\/\/www.rmbs.es\/blog\/biblioteca-alberto-lista\/index.php?rest_route=%2Fwp%2Fv2%2Fcategories&post=2514"},{"taxonomy":"post_tag","embeddable":true,"href":"http:\/\/www.rmbs.es\/blog\/biblioteca-alberto-lista\/index.php?rest_route=%2Fwp%2Fv2%2Ftags&post=2514"}],"curies":[{"name":"wp","href":"https:\/\/api.w.org\/{rel}","templated":true}]}}