{"id":2480,"date":"2021-06-21T12:16:26","date_gmt":"2021-06-21T10:16:26","guid":{"rendered":"http:\/\/www.rmbs.es\/blog\/biblioteca-alberto-lista\/?p=2480"},"modified":"2021-06-21T12:16:26","modified_gmt":"2021-06-21T10:16:26","slug":"horario-y-prestamo-especial-de-verano","status":"publish","type":"post","link":"http:\/\/www.rmbs.es\/blog\/biblioteca-alberto-lista\/?p=2480","title":{"rendered":"HORARIO Y PR\u00c9STAMO ESPECIAL DE VERANO"},"content":{"rendered":"<p>Desde hoy 21 de junio y hasta el pr\u00f3ximo 15 de septiembre tendremos en la biblioteca el horario de verano, de lunes a viernes de 9 a 14h.<\/p>\n<p>Asimismo, tambi\u00e9n desde hoy d\u00eda 21 y hasta el pr\u00f3ximo d\u00eda 31 de agosto, tendremos vigente el pr\u00e9stamo de verano, que te permitir\u00e1 llevar tus libros en pr\u00e9stamo por un periodo de 35 d\u00edas, \u00a1\u00a1\u00a1para que te los puedas llevar de vacaciones!!!<\/p>\n","protected":false},"excerpt":{"rendered":"<p>Desde hoy 21 de junio y hasta el pr\u00f3ximo 15 de septiembre tendremos en la biblioteca el horario de verano, de lunes a viernes de 9 a 14h. Asimismo, tambi\u00e9n desde hoy d\u00eda 21 y hasta el pr\u00f3ximo d\u00eda 31 de agosto, tendremos vigente el pr\u00e9stamo de verano, que te permitir\u00e1 llevar tus libros en&#8230;<\/p>\n","protected":false},"author":1,"featured_media":0,"comment_status":"open","ping_status":"open","sticky":false,"template":"","format":"standard","meta":[],"categories":[1],"tags":[],"_links":{"self":[{"href":"http:\/\/www.rmbs.es\/blog\/biblioteca-alberto-lista\/index.php?rest_route=\/wp\/v2\/posts\/2480"}],"collection":[{"href":"http:\/\/www.rmbs.es\/blog\/biblioteca-alberto-lista\/index.php?rest_route=\/wp\/v2\/posts"}],"about":[{"href":"http:\/\/www.rmbs.es\/blog\/biblioteca-alberto-lista\/index.php?rest_route=\/wp\/v2\/types\/post"}],"author":[{"embeddable":true,"href":"http:\/\/www.rmbs.es\/blog\/biblioteca-alberto-lista\/index.php?rest_route=\/wp\/v2\/users\/1"}],"replies":[{"embeddable":true,"href":"http:\/\/www.rmbs.es\/blog\/biblioteca-alberto-lista\/index.php?rest_route=%2Fwp%2Fv2%2Fcomments&post=2480"}],"version-history":[{"count":1,"href":"http:\/\/www.rmbs.es\/blog\/biblioteca-alberto-lista\/index.php?rest_route=\/wp\/v2\/posts\/2480\/revisions"}],"predecessor-version":[{"id":2481,"href":"http:\/\/www.rmbs.es\/blog\/biblioteca-alberto-lista\/index.php?rest_route=\/wp\/v2\/posts\/2480\/revisions\/2481"}],"wp:attachment":[{"href":"http:\/\/www.rmbs.es\/blog\/biblioteca-alberto-lista\/index.php?rest_route=%2Fwp%2Fv2%2Fmedia&parent=2480"}],"wp:term":[{"taxonomy":"category","embeddable":true,"href":"http:\/\/www.rmbs.es\/blog\/biblioteca-alberto-lista\/index.php?rest_route=%2Fwp%2Fv2%2Fcategories&post=2480"},{"taxonomy":"post_tag","embeddable":true,"href":"http:\/\/www.rmbs.es\/blog\/biblioteca-alberto-lista\/index.php?rest_route=%2Fwp%2Fv2%2Ftags&post=2480"}],"curies":[{"name":"wp","href":"https:\/\/api.w.org\/{rel}","templated":true}]}}