{"id":2469,"date":"2021-06-01T12:03:03","date_gmt":"2021-06-01T10:03:03","guid":{"rendered":"http:\/\/www.rmbs.es\/blog\/biblioteca-alberto-lista\/?p=2469"},"modified":"2021-06-01T12:04:18","modified_gmt":"2021-06-01T10:04:18","slug":"sugerencia-de-novedades-en-la-biblioteca-alberto-lista","status":"publish","type":"post","link":"http:\/\/www.rmbs.es\/blog\/biblioteca-alberto-lista\/?p=2469","title":{"rendered":"SUGERENCIA DE NOVEDADES"},"content":{"rendered":"<p>Siguen llegando muchas novedades a la biblioteca que podr\u00e9is descubrir cuando nos visit\u00e9is. Mientras tanto, aqu\u00ed os dejamos algunas de ellas para ir abriendo boca&#8230;<\/p>\n<p>Aqu\u00ed tenemos la primera sugerencia: El libro en el que se bas<a href=\"http:\/\/www.rmbs.es\/blog\/biblioteca-alberto-lista\/wp-content\/uploads\/2021\/06\/portada-libro-cke.jpg\"><img decoding=\"async\" loading=\"lazy\" class=\"wp-image-2471 size-medium alignright\" src=\"http:\/\/www.rmbs.es\/blog\/biblioteca-alberto-lista\/wp-content\/uploads\/2021\/06\/portada-libro-cke-186x300.jpg\" alt=\"\" width=\"186\" height=\"300\" srcset=\"http:\/\/www.rmbs.es\/blog\/biblioteca-alberto-lista\/wp-content\/uploads\/2021\/06\/portada-libro-cke-186x300.jpg 186w, http:\/\/www.rmbs.es\/blog\/biblioteca-alberto-lista\/wp-content\/uploads\/2021\/06\/portada-libro-cke-637x1024.jpg 637w, http:\/\/www.rmbs.es\/blog\/biblioteca-alberto-lista\/wp-content\/uploads\/2021\/06\/portada-libro-cke-93x150.jpg 93w, http:\/\/www.rmbs.es\/blog\/biblioteca-alberto-lista\/wp-content\/uploads\/2021\/06\/portada-libro-cke-15x24.jpg 15w, http:\/\/www.rmbs.es\/blog\/biblioteca-alberto-lista\/wp-content\/uploads\/2021\/06\/portada-libro-cke-22x36.jpg 22w, http:\/\/www.rmbs.es\/blog\/biblioteca-alberto-lista\/wp-content\/uploads\/2021\/06\/portada-libro-cke-30x48.jpg 30w, http:\/\/www.rmbs.es\/blog\/biblioteca-alberto-lista\/wp-content\/uploads\/2021\/06\/portada-libro-cke.jpg 685w\" sizes=\"(max-width: 186px) 100vw, 186px\" \/><\/a>a esta serie tan de actualidad que anda removiendo conciencias y haci\u00e9ndonos reflexiona, entre otras cosas, sobre hasta d\u00f3nde pueden llegar los totalitarismos<span style=\"display: inline !important; float: none; background-color: #ffffff; color: #333333; font-family: Georgia,'Times New Roman','Bitstream Charter',Times,serif; font-size: 16px; font-style: normal; font-variant: normal; font-weight: 400; letter-spacing: normal; orphans: 2; text-align: left; text-decoration: none; text-indent: 0px; text-transform: none; -webkit-text-stroke-width: 0px; white-space: normal; word-spacing: 0px;\">. En tu <\/span>biblioteca te espera el texto original con el que <strong>Margaret Atwood<\/strong> nos narra esta interesant\u00edsima historia.<\/p>\n<p>&nbsp;<\/p>\n<p>En segundo lugar, pod\u00e9is encontrar\u00a0 el libro con el que <strong>Pierre Lemaitre\u00a0<\/strong>cierra su magn\u00edfica trilog\u00eda.<\/p>\n<p>El espejo de nuestras penas llega siete a\u00f1os despu\u00e9s de \u00abNos ve<a href=\"http:\/\/www.rmbs.es\/blog\/biblioteca-alberto-lista\/wp-content\/uploads\/2021\/06\/lemaitre.jpg\"><img decoding=\"async\" loading=\"lazy\" class=\"alignleft wp-image-2472 size-medium\" src=\"http:\/\/www.rmbs.es\/blog\/biblioteca-alberto-lista\/wp-content\/uploads\/2021\/06\/lemaitre-199x300.jpg\" alt=\"\" width=\"199\" height=\"300\" srcset=\"http:\/\/www.rmbs.es\/blog\/biblioteca-alberto-lista\/wp-content\/uploads\/2021\/06\/lemaitre-199x300.jpg 199w, http:\/\/www.rmbs.es\/blog\/biblioteca-alberto-lista\/wp-content\/uploads\/2021\/06\/lemaitre-99x150.jpg 99w, http:\/\/www.rmbs.es\/blog\/biblioteca-alberto-lista\/wp-content\/uploads\/2021\/06\/lemaitre-16x24.jpg 16w, http:\/\/www.rmbs.es\/blog\/biblioteca-alberto-lista\/wp-content\/uploads\/2021\/06\/lemaitre-24x36.jpg 24w, http:\/\/www.rmbs.es\/blog\/biblioteca-alberto-lista\/wp-content\/uploads\/2021\/06\/lemaitre-32x48.jpg 32w, http:\/\/www.rmbs.es\/blog\/biblioteca-alberto-lista\/wp-content\/uploads\/2021\/06\/lemaitre.jpg 229w\" sizes=\"(max-width: 199px) 100vw, 199px\" \/><\/a>mos all\u00ed arriba\u00bb, que tambi\u00e9n pod\u00e9is encontrar en la biblioteca, y con el que el autor parisino cierra esta soberbia trilog\u00eda consagrada al periodo de entreguerras.<\/p>\n<p>\u00abSe trata de una novela \u00e9pica sobre las grandezas y miserias de una sociedad aplastada por los vaivenes de una Historia cuyos ecos resuenan todav\u00eda hoy.\u00bb<\/p>\n<p>\u00abUna nueva haza\u00f1a de Lamaitre.\u00bb Le Figaro Litt\u00e9raire<\/p>\n<p>Y por \u00faltimo, un titulo que seguro no os dejar\u00e1 indiferentes:\u00a0<a href=\"http:\/\/www.rmbs.es\/blog\/biblioteca-alberto-lista\/wp-content\/uploads\/2021\/06\/joel-dicker.jpg\"><img decoding=\"async\" loading=\"lazy\" class=\"alignright wp-image-2473 size-medium\" src=\"http:\/\/www.rmbs.es\/blog\/biblioteca-alberto-lista\/wp-content\/uploads\/2021\/06\/joel-dicker-190x300.jpg\" alt=\"\" width=\"190\" height=\"300\" srcset=\"http:\/\/www.rmbs.es\/blog\/biblioteca-alberto-lista\/wp-content\/uploads\/2021\/06\/joel-dicker-190x300.jpg 190w, http:\/\/www.rmbs.es\/blog\/biblioteca-alberto-lista\/wp-content\/uploads\/2021\/06\/joel-dicker-95x150.jpg 95w, http:\/\/www.rmbs.es\/blog\/biblioteca-alberto-lista\/wp-content\/uploads\/2021\/06\/joel-dicker-15x24.jpg 15w, http:\/\/www.rmbs.es\/blog\/biblioteca-alberto-lista\/wp-content\/uploads\/2021\/06\/joel-dicker-23x36.jpg 23w, http:\/\/www.rmbs.es\/blog\/biblioteca-alberto-lista\/wp-content\/uploads\/2021\/06\/joel-dicker-30x48.jpg 30w, http:\/\/www.rmbs.es\/blog\/biblioteca-alberto-lista\/wp-content\/uploads\/2021\/06\/joel-dicker.jpg 300w\" sizes=\"(max-width: 190px) 100vw, 190px\" \/><\/a><\/p>\n<p>Si disfrutasteis leyendo \u00abLa verdad sobre el caso Harry Quebert\u00bb o \u00abLa desaparici\u00f3n de Stephanie Mailer\u00bb no os pod\u00e9is perder este nuevo enigma que os va a enganchar desde la primera de sus p\u00e1ginas y no os va a soltar hasta el final. Y si a\u00fan no conoces a Jo\u00ebl Dicker, este libro es una ocasi\u00f3n fant\u00e1stica para acercarte a sus libros, que seguro que no te dejar\u00e1n indiferente.<\/p>\n<p>Todos estos t\u00edtulos y muchos m\u00e1s te est\u00e1n esperando en la biblioteca Alberto Lista en la calle Feria, 57.<\/p>\n<p>\u00a1NOS VEMOS PRONTO!<\/p>\n","protected":false},"excerpt":{"rendered":"<p>Siguen llegando muchas novedades a la biblioteca que podr\u00e9is descubrir cuando nos visit\u00e9is. Mientras tanto, aqu\u00ed os dejamos algunas de ellas para ir abriendo boca&#8230; Aqu\u00ed tenemos la primera sugerencia: El libro en el que se basa esta serie tan de actualidad que anda removiendo conciencias y haci\u00e9ndonos reflexiona, entre otras cosas, sobre hasta d\u00f3nde&#8230;<\/p>\n","protected":false},"author":1,"featured_media":0,"comment_status":"open","ping_status":"open","sticky":false,"template":"","format":"standard","meta":[],"categories":[1],"tags":[],"_links":{"self":[{"href":"http:\/\/www.rmbs.es\/blog\/biblioteca-alberto-lista\/index.php?rest_route=\/wp\/v2\/posts\/2469"}],"collection":[{"href":"http:\/\/www.rmbs.es\/blog\/biblioteca-alberto-lista\/index.php?rest_route=\/wp\/v2\/posts"}],"about":[{"href":"http:\/\/www.rmbs.es\/blog\/biblioteca-alberto-lista\/index.php?rest_route=\/wp\/v2\/types\/post"}],"author":[{"embeddable":true,"href":"http:\/\/www.rmbs.es\/blog\/biblioteca-alberto-lista\/index.php?rest_route=\/wp\/v2\/users\/1"}],"replies":[{"embeddable":true,"href":"http:\/\/www.rmbs.es\/blog\/biblioteca-alberto-lista\/index.php?rest_route=%2Fwp%2Fv2%2Fcomments&post=2469"}],"version-history":[{"count":3,"href":"http:\/\/www.rmbs.es\/blog\/biblioteca-alberto-lista\/index.php?rest_route=\/wp\/v2\/posts\/2469\/revisions"}],"predecessor-version":[{"id":2475,"href":"http:\/\/www.rmbs.es\/blog\/biblioteca-alberto-lista\/index.php?rest_route=\/wp\/v2\/posts\/2469\/revisions\/2475"}],"wp:attachment":[{"href":"http:\/\/www.rmbs.es\/blog\/biblioteca-alberto-lista\/index.php?rest_route=%2Fwp%2Fv2%2Fmedia&parent=2469"}],"wp:term":[{"taxonomy":"category","embeddable":true,"href":"http:\/\/www.rmbs.es\/blog\/biblioteca-alberto-lista\/index.php?rest_route=%2Fwp%2Fv2%2Fcategories&post=2469"},{"taxonomy":"post_tag","embeddable":true,"href":"http:\/\/www.rmbs.es\/blog\/biblioteca-alberto-lista\/index.php?rest_route=%2Fwp%2Fv2%2Ftags&post=2469"}],"curies":[{"name":"wp","href":"https:\/\/api.w.org\/{rel}","templated":true}]}}