{"id":2459,"date":"2021-05-13T09:50:09","date_gmt":"2021-05-13T07:50:09","guid":{"rendered":"http:\/\/www.rmbs.es\/blog\/biblioteca-alberto-lista\/?p=2459"},"modified":"2021-05-13T09:52:39","modified_gmt":"2021-05-13T07:52:39","slug":"fran-nuno-en-la-biblioteca-alberto-lista","status":"publish","type":"post","link":"http:\/\/www.rmbs.es\/blog\/biblioteca-alberto-lista\/?p=2459","title":{"rendered":"FRAN NU\u00d1O EN LA BIBLIOTECA ALBERTO LISTA"},"content":{"rendered":"<p>Esta semana, el escritor y dinamizador cultural Fran Nu\u00f1o ha estado realizando la actividad \u00abel mundo del libro ilustrado\u00bb en la biblioteca, y esta ha sido su publicaci\u00f3n en facebook tras la finalizaci\u00f3n.<br \/>\n\u00a1MUCHAS GRACIAS, FRAN!<\/p>\n<p>\u00abY esta ma\u00f1ana en la Biblioteca M. Alberto Lista de Sevilla, con otras dos sesiones online, hemos puesto fin al ciclo del espect\u00e1culo did\u00e1ctico EL MUNDO DEL \u00c1LBUM ILUSTRADO, donde he realizado, en cada uno de los tres d\u00edas y seis sesiones en total, un recorrido por cinco de mis \u00e1lbumes y he respondido a todas las preguntas y consultas que han querido hacerme los alumn@s participantes.<\/p>\n<p>Han sido unas sesiones estupendas y desde aqu\u00ed mi agradecimiento al profesorado del Colegio Sagrada Familia \u00abLas Carmelitas\u00bb y al personal de la Biblioteca M. Alberto Lista por su magn\u00edfica labor para que este ciclo se haya llevado a cabo a las mil maravillas\u00bb\u00a0<a href=\"http:\/\/www.rmbs.es\/blog\/biblioteca-alberto-lista\/wp-content\/uploads\/2021\/05\/FRAN-NU\u00d1O.jpg\"><img decoding=\"async\" loading=\"lazy\" class=\"aligncenter size-large wp-image-2460\" src=\"http:\/\/www.rmbs.es\/blog\/biblioteca-alberto-lista\/wp-content\/uploads\/2021\/05\/FRAN-NU\u00d1O-1024x688.jpg\" alt=\"\" width=\"1024\" height=\"688\" srcset=\"http:\/\/www.rmbs.es\/blog\/biblioteca-alberto-lista\/wp-content\/uploads\/2021\/05\/FRAN-NU\u00d1O-1024x688.jpg 1024w, http:\/\/www.rmbs.es\/blog\/biblioteca-alberto-lista\/wp-content\/uploads\/2021\/05\/FRAN-NU\u00d1O-300x202.jpg 300w, http:\/\/www.rmbs.es\/blog\/biblioteca-alberto-lista\/wp-content\/uploads\/2021\/05\/FRAN-NU\u00d1O-768x516.jpg 768w, http:\/\/www.rmbs.es\/blog\/biblioteca-alberto-lista\/wp-content\/uploads\/2021\/05\/FRAN-NU\u00d1O-150x101.jpg 150w, http:\/\/www.rmbs.es\/blog\/biblioteca-alberto-lista\/wp-content\/uploads\/2021\/05\/FRAN-NU\u00d1O-24x16.jpg 24w, http:\/\/www.rmbs.es\/blog\/biblioteca-alberto-lista\/wp-content\/uploads\/2021\/05\/FRAN-NU\u00d1O-36x24.jpg 36w, http:\/\/www.rmbs.es\/blog\/biblioteca-alberto-lista\/wp-content\/uploads\/2021\/05\/FRAN-NU\u00d1O-48x32.jpg 48w, http:\/\/www.rmbs.es\/blog\/biblioteca-alberto-lista\/wp-content\/uploads\/2021\/05\/FRAN-NU\u00d1O.jpg 1440w\" sizes=\"(max-width: 1024px) 100vw, 1024px\" \/><\/a><\/p>\n","protected":false},"excerpt":{"rendered":"<p>Esta semana, el escritor y dinamizador cultural Fran Nu\u00f1o ha estado realizando la actividad \u00abel mundo del libro ilustrado\u00bb en la biblioteca, y esta ha sido su publicaci\u00f3n en facebook tras la finalizaci\u00f3n. \u00a1MUCHAS GRACIAS, FRAN! \u00abY esta ma\u00f1ana en la Biblioteca M. Alberto Lista de Sevilla, con otras dos sesiones online, hemos puesto fin&#8230;<\/p>\n","protected":false},"author":1,"featured_media":0,"comment_status":"open","ping_status":"open","sticky":false,"template":"","format":"standard","meta":[],"categories":[1],"tags":[],"_links":{"self":[{"href":"http:\/\/www.rmbs.es\/blog\/biblioteca-alberto-lista\/index.php?rest_route=\/wp\/v2\/posts\/2459"}],"collection":[{"href":"http:\/\/www.rmbs.es\/blog\/biblioteca-alberto-lista\/index.php?rest_route=\/wp\/v2\/posts"}],"about":[{"href":"http:\/\/www.rmbs.es\/blog\/biblioteca-alberto-lista\/index.php?rest_route=\/wp\/v2\/types\/post"}],"author":[{"embeddable":true,"href":"http:\/\/www.rmbs.es\/blog\/biblioteca-alberto-lista\/index.php?rest_route=\/wp\/v2\/users\/1"}],"replies":[{"embeddable":true,"href":"http:\/\/www.rmbs.es\/blog\/biblioteca-alberto-lista\/index.php?rest_route=%2Fwp%2Fv2%2Fcomments&post=2459"}],"version-history":[{"count":2,"href":"http:\/\/www.rmbs.es\/blog\/biblioteca-alberto-lista\/index.php?rest_route=\/wp\/v2\/posts\/2459\/revisions"}],"predecessor-version":[{"id":2462,"href":"http:\/\/www.rmbs.es\/blog\/biblioteca-alberto-lista\/index.php?rest_route=\/wp\/v2\/posts\/2459\/revisions\/2462"}],"wp:attachment":[{"href":"http:\/\/www.rmbs.es\/blog\/biblioteca-alberto-lista\/index.php?rest_route=%2Fwp%2Fv2%2Fmedia&parent=2459"}],"wp:term":[{"taxonomy":"category","embeddable":true,"href":"http:\/\/www.rmbs.es\/blog\/biblioteca-alberto-lista\/index.php?rest_route=%2Fwp%2Fv2%2Fcategories&post=2459"},{"taxonomy":"post_tag","embeddable":true,"href":"http:\/\/www.rmbs.es\/blog\/biblioteca-alberto-lista\/index.php?rest_route=%2Fwp%2Fv2%2Ftags&post=2459"}],"curies":[{"name":"wp","href":"https:\/\/api.w.org\/{rel}","templated":true}]}}