{"id":2442,"date":"2021-05-03T19:42:40","date_gmt":"2021-05-03T17:42:40","guid":{"rendered":"http:\/\/www.rmbs.es\/blog\/biblioteca-alberto-lista\/?p=2442"},"modified":"2021-05-03T20:15:26","modified_gmt":"2021-05-03T18:15:26","slug":"novedades-en-la-biblioteca-2","status":"publish","type":"post","link":"http:\/\/www.rmbs.es\/blog\/biblioteca-alberto-lista\/?p=2442","title":{"rendered":"NOVEDADES EN LA BIBLIOTECA"},"content":{"rendered":"<p><strong>\u00a1Tenemos buenas noticias!<\/strong>\u00a0Con el comienzo del mes de mayo van llegando\u00a0 \u00a0novedades a la biblioteca que os iremos mostrando por aqu\u00ed.<\/p>\n<p>Para comenzar a abrir boca, os dejamos con estos libros adaptados a lectura f\u00e1cil y pensados especialmente para ni\u00f1os y ni\u00f1as a partir de 8 y 10 a\u00f1os.<\/p>\n<h4 style=\"text-align: center;\"><strong>\u00a1\u00a1Estos son los t\u00edtulos que os est\u00e1n esperando!!<\/strong><\/h4>\n<p><a href=\"http:\/\/www.rmbs.es\/blog\/biblioteca-alberto-lista\/wp-content\/uploads\/2021\/05\/el-club-de-los-raros.jpg\"><img decoding=\"async\" loading=\"lazy\" class=\" wp-image-2446 alignleft\" src=\"http:\/\/www.rmbs.es\/blog\/biblioteca-alberto-lista\/wp-content\/uploads\/2021\/05\/el-club-de-los-raros.jpg\" alt=\"\" width=\"174\" height=\"267\" srcset=\"http:\/\/www.rmbs.es\/blog\/biblioteca-alberto-lista\/wp-content\/uploads\/2021\/05\/el-club-de-los-raros.jpg 229w, http:\/\/www.rmbs.es\/blog\/biblioteca-alberto-lista\/wp-content\/uploads\/2021\/05\/el-club-de-los-raros-196x300.jpg 196w, http:\/\/www.rmbs.es\/blog\/biblioteca-alberto-lista\/wp-content\/uploads\/2021\/05\/el-club-de-los-raros-98x150.jpg 98w, http:\/\/www.rmbs.es\/blog\/biblioteca-alberto-lista\/wp-content\/uploads\/2021\/05\/el-club-de-los-raros-16x24.jpg 16w, http:\/\/www.rmbs.es\/blog\/biblioteca-alberto-lista\/wp-content\/uploads\/2021\/05\/el-club-de-los-raros-23x36.jpg 23w, http:\/\/www.rmbs.es\/blog\/biblioteca-alberto-lista\/wp-content\/uploads\/2021\/05\/el-club-de-los-raros-31x48.jpg 31w\" sizes=\"(max-width: 174px) 100vw, 174px\" \/><\/a><\/p>\n<p>Hugo es tartamudo y Bernardo es disl\u00e9xico, confunde letras y n\u00fameros. Los dos amigos deciden formar un club para defenderse de los que se r\u00eden de ellos. Poco a poco , se van uniendo m\u00e1s compa\u00f1eros al <strong>Club de los raros.<\/strong><\/p>\n<p>&nbsp;<\/p>\n<p>&nbsp;<\/p>\n<p><strong>El robo del siglo:<\/strong> Mi nombre es Rebeca y lo que m\u00e1s me gusta del mundo es bailar. Pero un d\u00eda me puse a bailar en un museo, y me met\u00ed en un buen l\u00edo. <img decoding=\"async\" loading=\"lazy\" class=\"wp-image-2445 alignleft\" src=\"http:\/\/www.rmbs.es\/blog\/biblioteca-alberto-lista\/wp-content\/uploads\/2021\/05\/el-robo-del-siglo.jpg\" alt=\"\" width=\"138\" height=\"210\" srcset=\"http:\/\/www.rmbs.es\/blog\/biblioteca-alberto-lista\/wp-content\/uploads\/2021\/05\/el-robo-del-siglo.jpg 600w, http:\/\/www.rmbs.es\/blog\/biblioteca-alberto-lista\/wp-content\/uploads\/2021\/05\/el-robo-del-siglo-197x300.jpg 197w, http:\/\/www.rmbs.es\/blog\/biblioteca-alberto-lista\/wp-content\/uploads\/2021\/05\/el-robo-del-siglo-99x150.jpg 99w, http:\/\/www.rmbs.es\/blog\/biblioteca-alberto-lista\/wp-content\/uploads\/2021\/05\/el-robo-del-siglo-16x24.jpg 16w, http:\/\/www.rmbs.es\/blog\/biblioteca-alberto-lista\/wp-content\/uploads\/2021\/05\/el-robo-del-siglo-24x36.jpg 24w, http:\/\/www.rmbs.es\/blog\/biblioteca-alberto-lista\/wp-content\/uploads\/2021\/05\/el-robo-del-siglo-32x48.jpg 32w\" sizes=\"(max-width: 138px) 100vw, 138px\" \/>\u00bfConoces el diamante del sult\u00e1n de Malabar? Pues ha desaparecido y la polic\u00eda piensa \u00a1que lo he robado yo!<\/p>\n<p>&nbsp;<\/p>\n<p>&nbsp;<\/p>\n<p>&nbsp;<\/p>\n<p>Emma no tiene muchas amigas, pero le da igual. Ella prefiere refugiarse en la biblioteca. Todo cambia el d\u00eda que Marcos aparece y la arrastra al <strong>Pa\u00eds <a href=\"http:\/\/www.rmbs.es\/blog\/biblioteca-alberto-lista\/wp-content\/uploads\/2021\/05\/el-pais-de-los-relojes.jpg\"><img decoding=\"async\" loading=\"lazy\" class=\" wp-image-2448 alignleft\" src=\"http:\/\/www.rmbs.es\/blog\/biblioteca-alberto-lista\/wp-content\/uploads\/2021\/05\/el-pais-de-los-relojes.jpg\" alt=\"\" width=\"145\" height=\"221\" srcset=\"http:\/\/www.rmbs.es\/blog\/biblioteca-alberto-lista\/wp-content\/uploads\/2021\/05\/el-pais-de-los-relojes.jpg 182w, http:\/\/www.rmbs.es\/blog\/biblioteca-alberto-lista\/wp-content\/uploads\/2021\/05\/el-pais-de-los-relojes-99x150.jpg 99w, http:\/\/www.rmbs.es\/blog\/biblioteca-alberto-lista\/wp-content\/uploads\/2021\/05\/el-pais-de-los-relojes-16x24.jpg 16w, http:\/\/www.rmbs.es\/blog\/biblioteca-alberto-lista\/wp-content\/uploads\/2021\/05\/el-pais-de-los-relojes-24x36.jpg 24w, http:\/\/www.rmbs.es\/blog\/biblioteca-alberto-lista\/wp-content\/uploads\/2021\/05\/el-pais-de-los-relojes-32x48.jpg 32w\" sizes=\"(max-width: 145px) 100vw, 145px\" \/><\/a>de los Relojes<\/strong>, un extra\u00f1o lugar donde cualquier cosa es posible.<\/p>\n<p>&nbsp;<\/p>\n<p>&nbsp;<\/p>\n<p>Enfrente de la casa de Raquel han abierto un supermercado. Cada d\u00eda entran y salen muchas personas. Nadie se fija en un hombre que pide en la puerta. <a href=\"http:\/\/www.rmbs.es\/blog\/biblioteca-alberto-lista\/wp-content\/uploads\/2021\/05\/mi-nombre-es-skywalker.jpg\"><img decoding=\"async\" loading=\"lazy\" class=\"wp-image-2444 alignright\" src=\"http:\/\/www.rmbs.es\/blog\/biblioteca-alberto-lista\/wp-content\/uploads\/2021\/05\/mi-nombre-es-skywalker.jpg\" alt=\"\" width=\"150\" height=\"229\" srcset=\"http:\/\/www.rmbs.es\/blog\/biblioteca-alberto-lista\/wp-content\/uploads\/2021\/05\/mi-nombre-es-skywalker.jpg 552w, http:\/\/www.rmbs.es\/blog\/biblioteca-alberto-lista\/wp-content\/uploads\/2021\/05\/mi-nombre-es-skywalker-196x300.jpg 196w, http:\/\/www.rmbs.es\/blog\/biblioteca-alberto-lista\/wp-content\/uploads\/2021\/05\/mi-nombre-es-skywalker-98x150.jpg 98w, http:\/\/www.rmbs.es\/blog\/biblioteca-alberto-lista\/wp-content\/uploads\/2021\/05\/mi-nombre-es-skywalker-16x24.jpg 16w, http:\/\/www.rmbs.es\/blog\/biblioteca-alberto-lista\/wp-content\/uploads\/2021\/05\/mi-nombre-es-skywalker-24x36.jpg 24w, http:\/\/www.rmbs.es\/blog\/biblioteca-alberto-lista\/wp-content\/uploads\/2021\/05\/mi-nombre-es-skywalker-31x48.jpg 31w\" sizes=\"(max-width: 150px) 100vw, 150px\" \/><\/a>Parece un hombre invisible. Raquel\u00a0 descubre su secreto: <strong>su nombre es Skywalke<\/strong>r y viene de otro planeta.<\/p>\n","protected":false},"excerpt":{"rendered":"<p>\u00a1Tenemos buenas noticias!\u00a0Con el comienzo del mes de mayo van llegando\u00a0 \u00a0novedades a la biblioteca que os iremos mostrando por aqu\u00ed. Para comenzar a abrir boca, os dejamos con estos libros adaptados a lectura f\u00e1cil y pensados especialmente para ni\u00f1os y ni\u00f1as a partir de 8 y 10 a\u00f1os. \u00a1\u00a1Estos son los t\u00edtulos que os&#8230;<\/p>\n","protected":false},"author":1,"featured_media":2448,"comment_status":"open","ping_status":"open","sticky":false,"template":"","format":"standard","meta":[],"categories":[1],"tags":[],"_links":{"self":[{"href":"http:\/\/www.rmbs.es\/blog\/biblioteca-alberto-lista\/index.php?rest_route=\/wp\/v2\/posts\/2442"}],"collection":[{"href":"http:\/\/www.rmbs.es\/blog\/biblioteca-alberto-lista\/index.php?rest_route=\/wp\/v2\/posts"}],"about":[{"href":"http:\/\/www.rmbs.es\/blog\/biblioteca-alberto-lista\/index.php?rest_route=\/wp\/v2\/types\/post"}],"author":[{"embeddable":true,"href":"http:\/\/www.rmbs.es\/blog\/biblioteca-alberto-lista\/index.php?rest_route=\/wp\/v2\/users\/1"}],"replies":[{"embeddable":true,"href":"http:\/\/www.rmbs.es\/blog\/biblioteca-alberto-lista\/index.php?rest_route=%2Fwp%2Fv2%2Fcomments&post=2442"}],"version-history":[{"count":8,"href":"http:\/\/www.rmbs.es\/blog\/biblioteca-alberto-lista\/index.php?rest_route=\/wp\/v2\/posts\/2442\/revisions"}],"predecessor-version":[{"id":2457,"href":"http:\/\/www.rmbs.es\/blog\/biblioteca-alberto-lista\/index.php?rest_route=\/wp\/v2\/posts\/2442\/revisions\/2457"}],"wp:featuredmedia":[{"embeddable":true,"href":"http:\/\/www.rmbs.es\/blog\/biblioteca-alberto-lista\/index.php?rest_route=\/wp\/v2\/media\/2448"}],"wp:attachment":[{"href":"http:\/\/www.rmbs.es\/blog\/biblioteca-alberto-lista\/index.php?rest_route=%2Fwp%2Fv2%2Fmedia&parent=2442"}],"wp:term":[{"taxonomy":"category","embeddable":true,"href":"http:\/\/www.rmbs.es\/blog\/biblioteca-alberto-lista\/index.php?rest_route=%2Fwp%2Fv2%2Fcategories&post=2442"},{"taxonomy":"post_tag","embeddable":true,"href":"http:\/\/www.rmbs.es\/blog\/biblioteca-alberto-lista\/index.php?rest_route=%2Fwp%2Fv2%2Ftags&post=2442"}],"curies":[{"name":"wp","href":"https:\/\/api.w.org\/{rel}","templated":true}]}}