{"id":2374,"date":"2020-06-25T11:53:45","date_gmt":"2020-06-25T09:53:45","guid":{"rendered":"http:\/\/www.rmbs.es\/blog\/biblioteca-alberto-lista\/?p=2374"},"modified":"2020-06-25T13:41:13","modified_gmt":"2020-06-25T11:41:13","slug":"abiertas-las-salas-de-estudio","status":"publish","type":"post","link":"http:\/\/www.rmbs.es\/blog\/biblioteca-alberto-lista\/?p=2374","title":{"rendered":"ABIERTAS LAS SALAS DE ESTUDIO"},"content":{"rendered":"<p>Os informamos que a partir del 25 de Junio est\u00e1n ya abiertas las salas de estudio, en horario de 10:00 a 14:00 horas. Contamos con dos salas, con un aforo m\u00e1ximo en total de 18 personas.<\/p>\n<p>&nbsp;<\/p>\n<ul>\n<li>Para acceder y hacer uso de ellas, es <strong>obligatoria<\/strong> la utilizaci\u00f3n de <strong>mascarillas<\/strong>.<\/li>\n<\/ul>\n<p>&nbsp;<\/p>\n<ul>\n<li>Uso individual del <strong>puesto de lectura<\/strong> o estudio. Cada puesto est\u00e1 indicado con una se\u00f1al.<\/li>\n<\/ul>\n<p>&nbsp;<\/p>\n<ul>\n<li>No est\u00e1 permitido el <strong>cambio de asiento<\/strong>.<\/li>\n<\/ul>\n<p>&nbsp;<\/p>\n<ul>\n<li>No se podr\u00e1 hacer <strong>reservas<\/strong> de puestos.<\/li>\n<\/ul>\n<p>&nbsp;<\/p>\n<ul>\n<li>Una vez <strong>completado el aforo<\/strong> deber\u00e1 esperar a que quede un puesto libre y sea desinfectado.<\/li>\n<\/ul>\n<p>&nbsp;<\/p>\n<ul>\n<li>Al salir se debe colocar la <strong>silla<\/strong> encima de la mesa y <strong>comunicarlo<\/strong> al personal de la biblioteca.<\/li>\n<\/ul>\n<p>&nbsp;<\/p>\n<p><a href=\"http:\/\/www.rmbs.es\/blog\/biblioteca-alberto-lista\/wp-content\/uploads\/2020\/06\/Sala-Estudio-3.jpg\"><img decoding=\"async\" loading=\"lazy\" class=\"alignleft size-medium wp-image-2380\" src=\"http:\/\/www.rmbs.es\/blog\/biblioteca-alberto-lista\/wp-content\/uploads\/2020\/06\/Sala-Estudio-3-300x225.jpg\" alt=\"\" width=\"300\" height=\"225\" srcset=\"http:\/\/www.rmbs.es\/blog\/biblioteca-alberto-lista\/wp-content\/uploads\/2020\/06\/Sala-Estudio-3-300x225.jpg 300w, http:\/\/www.rmbs.es\/blog\/biblioteca-alberto-lista\/wp-content\/uploads\/2020\/06\/Sala-Estudio-3-768x576.jpg 768w, http:\/\/www.rmbs.es\/blog\/biblioteca-alberto-lista\/wp-content\/uploads\/2020\/06\/Sala-Estudio-3-1024x768.jpg 1024w, http:\/\/www.rmbs.es\/blog\/biblioteca-alberto-lista\/wp-content\/uploads\/2020\/06\/Sala-Estudio-3-150x113.jpg 150w, http:\/\/www.rmbs.es\/blog\/biblioteca-alberto-lista\/wp-content\/uploads\/2020\/06\/Sala-Estudio-3-24x18.jpg 24w, http:\/\/www.rmbs.es\/blog\/biblioteca-alberto-lista\/wp-content\/uploads\/2020\/06\/Sala-Estudio-3-36x27.jpg 36w, http:\/\/www.rmbs.es\/blog\/biblioteca-alberto-lista\/wp-content\/uploads\/2020\/06\/Sala-Estudio-3-48x36.jpg 48w\" sizes=\"(max-width: 300px) 100vw, 300px\" \/><\/a><a href=\"http:\/\/www.rmbs.es\/blog\/biblioteca-alberto-lista\/wp-content\/uploads\/2020\/06\/Sala-Estudio-4.jpg\"><img decoding=\"async\" loading=\"lazy\" class=\"alignright size-medium wp-image-2381\" src=\"http:\/\/www.rmbs.es\/blog\/biblioteca-alberto-lista\/wp-content\/uploads\/2020\/06\/Sala-Estudio-4-300x225.jpg\" alt=\"\" width=\"300\" height=\"225\" srcset=\"http:\/\/www.rmbs.es\/blog\/biblioteca-alberto-lista\/wp-content\/uploads\/2020\/06\/Sala-Estudio-4-300x225.jpg 300w, http:\/\/www.rmbs.es\/blog\/biblioteca-alberto-lista\/wp-content\/uploads\/2020\/06\/Sala-Estudio-4-768x576.jpg 768w, http:\/\/www.rmbs.es\/blog\/biblioteca-alberto-lista\/wp-content\/uploads\/2020\/06\/Sala-Estudio-4-1024x768.jpg 1024w, http:\/\/www.rmbs.es\/blog\/biblioteca-alberto-lista\/wp-content\/uploads\/2020\/06\/Sala-Estudio-4-150x113.jpg 150w, http:\/\/www.rmbs.es\/blog\/biblioteca-alberto-lista\/wp-content\/uploads\/2020\/06\/Sala-Estudio-4-24x18.jpg 24w, http:\/\/www.rmbs.es\/blog\/biblioteca-alberto-lista\/wp-content\/uploads\/2020\/06\/Sala-Estudio-4-36x27.jpg 36w, http:\/\/www.rmbs.es\/blog\/biblioteca-alberto-lista\/wp-content\/uploads\/2020\/06\/Sala-Estudio-4-48x36.jpg 48w\" sizes=\"(max-width: 300px) 100vw, 300px\" \/><\/a><\/p>\n<p>&nbsp;<\/p>\n<p>&nbsp;<\/p>\n<p>&nbsp;<\/p>\n<p>&nbsp;<\/p>\n<p>&nbsp;<\/p>\n<p>&nbsp;<\/p>\n<p>&nbsp;<\/p>\n<p>&nbsp;<\/p>\n<p>&nbsp;<\/p>\n<p>&nbsp;<\/p>\n<p>&nbsp;<\/p>\n<p>&nbsp;<\/p>\n<p>&nbsp;<\/p>\n<p>&nbsp;<\/p>\n<p>&nbsp;<\/p>\n<p>&nbsp;<\/p>\n<p>&nbsp;<\/p>\n<p>&nbsp;<\/p>\n<p>&nbsp;<\/p>\n<p>&nbsp;<\/p>\n<p>&nbsp;<\/p>\n<p>&nbsp;<\/p>\n<p>&nbsp;<\/p>\n<p>&nbsp;<\/p>\n<p>&nbsp;<\/p>\n<p>&nbsp;<\/p>\n<p>&nbsp;<\/p>\n<p>&nbsp;<\/p>\n","protected":false},"excerpt":{"rendered":"<p>Os informamos que a partir del 25 de Junio est\u00e1n ya abiertas las salas de estudio, en horario de 10:00 a 14:00 horas. Contamos con dos salas, con un aforo m\u00e1ximo en total de 18 personas. &nbsp; Para acceder y hacer uso de ellas, es obligatoria la utilizaci\u00f3n de mascarillas. &nbsp; Uso individual del puesto&#8230;<\/p>\n","protected":false},"author":1,"featured_media":0,"comment_status":"open","ping_status":"open","sticky":false,"template":"","format":"standard","meta":[],"categories":[1],"tags":[],"_links":{"self":[{"href":"http:\/\/www.rmbs.es\/blog\/biblioteca-alberto-lista\/index.php?rest_route=\/wp\/v2\/posts\/2374"}],"collection":[{"href":"http:\/\/www.rmbs.es\/blog\/biblioteca-alberto-lista\/index.php?rest_route=\/wp\/v2\/posts"}],"about":[{"href":"http:\/\/www.rmbs.es\/blog\/biblioteca-alberto-lista\/index.php?rest_route=\/wp\/v2\/types\/post"}],"author":[{"embeddable":true,"href":"http:\/\/www.rmbs.es\/blog\/biblioteca-alberto-lista\/index.php?rest_route=\/wp\/v2\/users\/1"}],"replies":[{"embeddable":true,"href":"http:\/\/www.rmbs.es\/blog\/biblioteca-alberto-lista\/index.php?rest_route=%2Fwp%2Fv2%2Fcomments&post=2374"}],"version-history":[{"count":8,"href":"http:\/\/www.rmbs.es\/blog\/biblioteca-alberto-lista\/index.php?rest_route=\/wp\/v2\/posts\/2374\/revisions"}],"predecessor-version":[{"id":2394,"href":"http:\/\/www.rmbs.es\/blog\/biblioteca-alberto-lista\/index.php?rest_route=\/wp\/v2\/posts\/2374\/revisions\/2394"}],"wp:attachment":[{"href":"http:\/\/www.rmbs.es\/blog\/biblioteca-alberto-lista\/index.php?rest_route=%2Fwp%2Fv2%2Fmedia&parent=2374"}],"wp:term":[{"taxonomy":"category","embeddable":true,"href":"http:\/\/www.rmbs.es\/blog\/biblioteca-alberto-lista\/index.php?rest_route=%2Fwp%2Fv2%2Fcategories&post=2374"},{"taxonomy":"post_tag","embeddable":true,"href":"http:\/\/www.rmbs.es\/blog\/biblioteca-alberto-lista\/index.php?rest_route=%2Fwp%2Fv2%2Ftags&post=2374"}],"curies":[{"name":"wp","href":"https:\/\/api.w.org\/{rel}","templated":true}]}}