{"id":2357,"date":"2020-05-28T13:39:49","date_gmt":"2020-05-28T11:39:49","guid":{"rendered":"http:\/\/www.rmbs.es\/blog\/biblioteca-alberto-lista\/?p=2357"},"modified":"2020-05-28T13:40:48","modified_gmt":"2020-05-28T11:40:48","slug":"pronto-volveremos","status":"publish","type":"post","link":"http:\/\/www.rmbs.es\/blog\/biblioteca-alberto-lista\/?p=2357","title":{"rendered":"PRONTO VOLVEREMOS"},"content":{"rendered":"<p>Las Bibliotecas Municipales permanecer\u00e1n cerradas al p\u00fablico mientras se realizan las tareas de desinfecci\u00f3n y adecuaci\u00f3n de las instalaciones, seg\u00fan las recomendaciones de la autoridad sanitaria.<\/p>\n<p>Anunciaremos la fecha de apertura al p\u00fablico en nuestra web y redes sociales.<\/p>\n<p>&nbsp;<\/p>\n<p><a class=\"eHAdSb\" tabindex=\"0\" href=\"https:\/\/www.google.es\/url?sa=i&amp;url=https%3A%2F%2Fwww.lanacion.com.ar%2Fcultura%2Fante-cuarentena-coronavirus-unesco-recomienda-visitar-biblioteca-nid2343865&amp;psig=AOvVaw04uXrDAJjcCy4CWvLA2eQL&amp;ust=1590751636171000&amp;source=images&amp;cd=vfe&amp;ved=0CAIQjRxqFwoTCJjNueO51ukCFQAAAAAdAAAAABAJ\" target=\"_blank\" rel=\"noopener noreferrer\" data-ved=\"0CAIQjRxqFwoTCJjNueO51ukCFQAAAAAdAAAAABAJ\"><img decoding=\"async\" class=\"n3VNCb aligncenter\" src=\"https:\/\/bucket3.glanacion.com\/anexos\/fotos\/76\/3214576w380.jpg\" alt=\"Ante la cuarentena por el coronavirus, la Unesco recomienda ...\" data-noaft=\"1\" \/><\/a><\/p>\n","protected":false},"excerpt":{"rendered":"<p>Las Bibliotecas Municipales permanecer\u00e1n cerradas al p\u00fablico mientras se realizan las tareas de desinfecci\u00f3n y adecuaci\u00f3n de las instalaciones, seg\u00fan las recomendaciones de la autoridad sanitaria. Anunciaremos la fecha de apertura al p\u00fablico en nuestra web y redes sociales. &nbsp;<\/p>\n","protected":false},"author":1,"featured_media":0,"comment_status":"open","ping_status":"open","sticky":false,"template":"","format":"standard","meta":[],"categories":[1],"tags":[],"_links":{"self":[{"href":"http:\/\/www.rmbs.es\/blog\/biblioteca-alberto-lista\/index.php?rest_route=\/wp\/v2\/posts\/2357"}],"collection":[{"href":"http:\/\/www.rmbs.es\/blog\/biblioteca-alberto-lista\/index.php?rest_route=\/wp\/v2\/posts"}],"about":[{"href":"http:\/\/www.rmbs.es\/blog\/biblioteca-alberto-lista\/index.php?rest_route=\/wp\/v2\/types\/post"}],"author":[{"embeddable":true,"href":"http:\/\/www.rmbs.es\/blog\/biblioteca-alberto-lista\/index.php?rest_route=\/wp\/v2\/users\/1"}],"replies":[{"embeddable":true,"href":"http:\/\/www.rmbs.es\/blog\/biblioteca-alberto-lista\/index.php?rest_route=%2Fwp%2Fv2%2Fcomments&post=2357"}],"version-history":[{"count":4,"href":"http:\/\/www.rmbs.es\/blog\/biblioteca-alberto-lista\/index.php?rest_route=\/wp\/v2\/posts\/2357\/revisions"}],"predecessor-version":[{"id":2361,"href":"http:\/\/www.rmbs.es\/blog\/biblioteca-alberto-lista\/index.php?rest_route=\/wp\/v2\/posts\/2357\/revisions\/2361"}],"wp:attachment":[{"href":"http:\/\/www.rmbs.es\/blog\/biblioteca-alberto-lista\/index.php?rest_route=%2Fwp%2Fv2%2Fmedia&parent=2357"}],"wp:term":[{"taxonomy":"category","embeddable":true,"href":"http:\/\/www.rmbs.es\/blog\/biblioteca-alberto-lista\/index.php?rest_route=%2Fwp%2Fv2%2Fcategories&post=2357"},{"taxonomy":"post_tag","embeddable":true,"href":"http:\/\/www.rmbs.es\/blog\/biblioteca-alberto-lista\/index.php?rest_route=%2Fwp%2Fv2%2Ftags&post=2357"}],"curies":[{"name":"wp","href":"https:\/\/api.w.org\/{rel}","templated":true}]}}