{"id":2346,"date":"2020-03-13T13:26:43","date_gmt":"2020-03-13T11:26:43","guid":{"rendered":"http:\/\/www.rmbs.es\/blog\/biblioteca-alberto-lista\/?p=2346"},"modified":"2020-03-13T13:26:43","modified_gmt":"2020-03-13T11:26:43","slug":"cierre-preventivo-de-la-biblioteca","status":"publish","type":"post","link":"http:\/\/www.rmbs.es\/blog\/biblioteca-alberto-lista\/?p=2346","title":{"rendered":"CIERRE PREVENTIVO DE LA BIBLIOTECA"},"content":{"rendered":"<p>DE ACUERDO CON EL PROCEDIMIENTO DE ACTUACI\u00d3N \u00a0DEL AYUNTAMIENTO DE SEVILLA FRENTE A CASOS DE INFECCI\u00d3N POR EL NUEVO CORONAVIRUS (SARS-COV-2), COMUNICAMOS QUE ESTA BIBLIOTECA PERMANECER\u00c1 <strong>CERRADA AL P\u00daBLICO\u00a0HASTA NUEVO AVISO<\/strong>.<\/p>\n<p>Mientras tanto tienes varias opciones:<\/p>\n<ul>\n<li>si tienes libros en casa puedes renovarlos por Internet desde el\u00a0<a href=\"https:\/\/www.juntadeandalucia.es\/cultura\/rbpa\/abnetcl.cgi\/O9649\/ID0075b540?ACC=101\">OPAC del cat\u00e1logo de las bibliotecas\u00a0p\u00fablicas de Andaluc\u00eda<\/a>. Entra en el cat\u00e1logo, arriba a la derecha te pedir\u00e1n usuario y contrase\u00f1a.\u00a0 El usuario es tu n\u00famero de carn\u00e9 de la biblioteca o bien el correo electr\u00f3nico. La contrase\u00f1a inicial que te dimos al hacerte el carn\u00e9 es un n\u00famero de 6 d\u00edgitos: est\u00e1 formado por los dos d\u00edgitos de tu d\u00eda de nacimiento (si es un s\u00f3lo d\u00edgito, a\u00f1ade antes un cero), los dos\u00a0d\u00edgitos del mes de nacimiento y los dos \u00faltimos d\u00edgitos de tu n\u00famero de carn\u00e9 de la biblioteca.<\/li>\n<\/ul>\n<ul>\n<li>tambi\u00e9n puedes descargarte libros electr\u00f3nicos en pr\u00e9stamo en la<a href=\"https:\/\/andalucia.ebiblio.es\/opac\/#indice\" target=\"_blank\" rel=\"noopener noreferrer\">\u00a0plataforma E Biblio Andaluc\u00eda.<\/a>\u00a0Sigue las instrucciones que te indican y podr\u00e1s hacerlo f\u00e1cilmente.<\/li>\n<\/ul>\n<p>No te preocupes por los libros que no puedas devolver dentro del tiempo establecido, porque cuando puedas hacerlo se anular\u00e1n las posibles sanciones que el sistema haya activado.<\/p>\n<p><strong>Mientras tanto, sigue las recomendaciones de las autoridades y procura quedarte en casa. Mientras antes podamos cortar el contagio, antes podremos volver a nuestra vida normal<\/strong>.<\/p>\n<p>M\u00e1s informaci\u00f3n: Tel\u00e9fonos <strong><span style=\"color: #993300;\">955472080<\/span><\/strong> \/ <strong><span style=\"color: #993300;\">955472081<\/span><\/strong><\/p>\n<p>Correo electr\u00f3nico:<strong><span style=\"color: #993300;\"> albertolista.sbs.cultura@sevilla.org<\/span><\/strong><\/p>\n<p>&nbsp;<\/p>\n<p><a href=\"http:\/\/www.rmbs.es\/blog\/biblioteca-alberto-lista\/wp-content\/uploads\/2014\/06\/Cerrado.jpg\"><img decoding=\"async\" loading=\"lazy\" class=\"aligncenter\" title=\"Cerrado\" src=\"http:\/\/www.rmbs.es\/blog\/biblioteca-alberto-lista\/wp-content\/uploads\/2014\/06\/Cerrado.jpg\" alt=\"\" width=\"285\" height=\"177\" \/><\/a><\/p>\n","protected":false},"excerpt":{"rendered":"<p>DE ACUERDO CON EL PROCEDIMIENTO DE ACTUACI\u00d3N \u00a0DEL AYUNTAMIENTO DE SEVILLA FRENTE A CASOS DE INFECCI\u00d3N POR EL NUEVO CORONAVIRUS (SARS-COV-2), COMUNICAMOS QUE ESTA BIBLIOTECA PERMANECER\u00c1 CERRADA AL P\u00daBLICO\u00a0HASTA NUEVO AVISO. Mientras tanto tienes varias opciones: si tienes libros en casa puedes renovarlos por Internet desde el\u00a0OPAC del cat\u00e1logo de las bibliotecas\u00a0p\u00fablicas de Andaluc\u00eda. Entra&#8230;<\/p>\n","protected":false},"author":1,"featured_media":0,"comment_status":"open","ping_status":"open","sticky":false,"template":"","format":"standard","meta":[],"categories":[1],"tags":[],"_links":{"self":[{"href":"http:\/\/www.rmbs.es\/blog\/biblioteca-alberto-lista\/index.php?rest_route=\/wp\/v2\/posts\/2346"}],"collection":[{"href":"http:\/\/www.rmbs.es\/blog\/biblioteca-alberto-lista\/index.php?rest_route=\/wp\/v2\/posts"}],"about":[{"href":"http:\/\/www.rmbs.es\/blog\/biblioteca-alberto-lista\/index.php?rest_route=\/wp\/v2\/types\/post"}],"author":[{"embeddable":true,"href":"http:\/\/www.rmbs.es\/blog\/biblioteca-alberto-lista\/index.php?rest_route=\/wp\/v2\/users\/1"}],"replies":[{"embeddable":true,"href":"http:\/\/www.rmbs.es\/blog\/biblioteca-alberto-lista\/index.php?rest_route=%2Fwp%2Fv2%2Fcomments&post=2346"}],"version-history":[{"count":4,"href":"http:\/\/www.rmbs.es\/blog\/biblioteca-alberto-lista\/index.php?rest_route=\/wp\/v2\/posts\/2346\/revisions"}],"predecessor-version":[{"id":2350,"href":"http:\/\/www.rmbs.es\/blog\/biblioteca-alberto-lista\/index.php?rest_route=\/wp\/v2\/posts\/2346\/revisions\/2350"}],"wp:attachment":[{"href":"http:\/\/www.rmbs.es\/blog\/biblioteca-alberto-lista\/index.php?rest_route=%2Fwp%2Fv2%2Fmedia&parent=2346"}],"wp:term":[{"taxonomy":"category","embeddable":true,"href":"http:\/\/www.rmbs.es\/blog\/biblioteca-alberto-lista\/index.php?rest_route=%2Fwp%2Fv2%2Fcategories&post=2346"},{"taxonomy":"post_tag","embeddable":true,"href":"http:\/\/www.rmbs.es\/blog\/biblioteca-alberto-lista\/index.php?rest_route=%2Fwp%2Fv2%2Ftags&post=2346"}],"curies":[{"name":"wp","href":"https:\/\/api.w.org\/{rel}","templated":true}]}}