{"id":2303,"date":"2019-10-30T12:43:53","date_gmt":"2019-10-30T10:43:53","guid":{"rendered":"http:\/\/www.rmbs.es\/blog\/biblioteca-alberto-lista\/?p=2303"},"modified":"2019-10-30T12:43:53","modified_gmt":"2019-10-30T10:43:53","slug":"actividades-noviembre-2019","status":"publish","type":"post","link":"http:\/\/www.rmbs.es\/blog\/biblioteca-alberto-lista\/?p=2303","title":{"rendered":"ACTIVIDADES NOVIEMBRE 2019"},"content":{"rendered":"<ul>\n<li><strong>D\u00cdAS 4 y 25<\/strong><\/li>\n<\/ul>\n<p><span style=\"color: #0000ff;\"><strong><u>\u201cCLUB DE LECTURA DE POES\u00cdA\u201d<\/u><\/strong><\/span><\/p>\n<p>El poeta David Eloy Rodr\u00edguez Ramajo, de \u00abLa Palabra Itinerante\u00bb, nos guiar\u00e1 por libros imprescindibles para ayudarnos a comprender y apreciar el arte de la palabra po\u00e9tica. Una invitaci\u00f3n a la lectura, el an\u00e1lisis y el goce de obras y autores\/as que no deber\u00edas perderte, en esta caso centrado en la obra de poetas sevillanos del siglo XX: Antonio y Manuel Machado, Luis Cernuda y Julia Uceda.<\/p>\n<ul>\n<li>Destinatarios: P\u00fablico en general<strong> (mayores de 14 a\u00f1os)<\/strong><\/li>\n<li>M\u00e1ximo:<strong> 20 participantes<\/strong><\/li>\n<li>Horario: <strong>18:30 h. a 20:30 h.<\/strong><\/li>\n<li>Inscripciones: <strong>hasta completar el n\u00famero de participantes<br \/>\n<\/strong><\/li>\n<li>Las personas interesadas pueden inscribirse<strong> en la propia biblioteca <\/strong>(calle Feria, n\u00ba 57),<strong> por tel\u00e9fono <\/strong>(955 472 080\/81)<strong> o por e-mail <\/strong>(albertolista.sbs.cultura@sevilla.org).<\/li>\n<\/ul>\n<p><a href=\"http:\/\/www.rmbs.es\/blog\/biblioteca-alberto-lista\/wp-content\/uploads\/2018\/09\/La-Palabra-Itinerante.jpg\"><img decoding=\"async\" loading=\"lazy\" class=\"aligncenter size-full wp-image-2075\" src=\"http:\/\/www.rmbs.es\/blog\/biblioteca-alberto-lista\/wp-content\/uploads\/2018\/09\/La-Palabra-Itinerante.jpg\" alt=\"\" width=\"214\" height=\"242\" srcset=\"http:\/\/www.rmbs.es\/blog\/biblioteca-alberto-lista\/wp-content\/uploads\/2018\/09\/La-Palabra-Itinerante.jpg 214w, http:\/\/www.rmbs.es\/blog\/biblioteca-alberto-lista\/wp-content\/uploads\/2018\/09\/La-Palabra-Itinerante-133x150.jpg 133w, http:\/\/www.rmbs.es\/blog\/biblioteca-alberto-lista\/wp-content\/uploads\/2018\/09\/La-Palabra-Itinerante-21x24.jpg 21w, http:\/\/www.rmbs.es\/blog\/biblioteca-alberto-lista\/wp-content\/uploads\/2018\/09\/La-Palabra-Itinerante-32x36.jpg 32w, http:\/\/www.rmbs.es\/blog\/biblioteca-alberto-lista\/wp-content\/uploads\/2018\/09\/La-Palabra-Itinerante-42x48.jpg 42w\" sizes=\"(max-width: 214px) 100vw, 214px\" \/><\/a><\/p>\n<ul>\n<li><strong>D\u00cdAS 26 y 28<\/strong><\/li>\n<\/ul>\n<p><span style=\"color: #0000ff;\"><strong><u>\u201cBUSCANDO HAIKUS\u201d<\/u><\/strong><\/span><\/p>\n<p>Una actividad donde el escritor Fran Nu\u00f1o, autor de \u00abBuscando haikus\u00bb, nos iniciar\u00e1 en la esencia y las normas de esta famosa estrofa de origen japon\u00e9s y nos animar\u00e1 a crear nuestros propios haikus y a compartirlos con los dem\u00e1s.<\/p>\n<ul>\n<li>Destinatarios: P\u00fablico en general<strong> (mayores de 14 a\u00f1os)<\/strong><\/li>\n<li>M\u00e1ximo:<strong> 15 participantes<\/strong><\/li>\n<li>Horario: <strong>19:00 h.<br \/>\n<\/strong><\/li>\n<li>Inscripciones:\u00a0<strong>hasta completar el n\u00famero de participantes<\/strong><\/li>\n<li>Las personas interesadas pueden inscribirse<strong> en la propia biblioteca <\/strong>(calle Feria, n\u00ba 57),<strong> por tel\u00e9fono <\/strong>(955 472 080\/81)<strong> o por e-mail <\/strong>(albertolista.sbs.cultura@sevilla.org).<\/li>\n<\/ul>\n<p><a href=\"http:\/\/www.rmbs.es\/blog\/biblioteca-alberto-lista\/wp-content\/uploads\/2019\/10\/haiku-11.jpg\"><img decoding=\"async\" loading=\"lazy\" class=\"aligncenter wp-image-2310\" src=\"http:\/\/www.rmbs.es\/blog\/biblioteca-alberto-lista\/wp-content\/uploads\/2019\/10\/haiku-11.jpg\" alt=\"\" width=\"402\" height=\"182\" srcset=\"http:\/\/www.rmbs.es\/blog\/biblioteca-alberto-lista\/wp-content\/uploads\/2019\/10\/haiku-11.jpg 800w, http:\/\/www.rmbs.es\/blog\/biblioteca-alberto-lista\/wp-content\/uploads\/2019\/10\/haiku-11-300x135.jpg 300w, http:\/\/www.rmbs.es\/blog\/biblioteca-alberto-lista\/wp-content\/uploads\/2019\/10\/haiku-11-768x347.jpg 768w, http:\/\/www.rmbs.es\/blog\/biblioteca-alberto-lista\/wp-content\/uploads\/2019\/10\/haiku-11-150x68.jpg 150w, http:\/\/www.rmbs.es\/blog\/biblioteca-alberto-lista\/wp-content\/uploads\/2019\/10\/haiku-11-24x11.jpg 24w, http:\/\/www.rmbs.es\/blog\/biblioteca-alberto-lista\/wp-content\/uploads\/2019\/10\/haiku-11-36x16.jpg 36w, http:\/\/www.rmbs.es\/blog\/biblioteca-alberto-lista\/wp-content\/uploads\/2019\/10\/haiku-11-48x22.jpg 48w\" sizes=\"(max-width: 402px) 100vw, 402px\" \/><\/a><\/p>\n<p>&nbsp;<\/p>\n<p style=\"text-align: center;\"><strong>Todas las actividades se realizar\u00e1n en la 2\u00aa planta de la biblioteca<\/strong><\/p>\n","protected":false},"excerpt":{"rendered":"<p>D\u00cdAS 4 y 25 \u201cCLUB DE LECTURA DE POES\u00cdA\u201d El poeta David Eloy Rodr\u00edguez Ramajo, de \u00abLa Palabra Itinerante\u00bb, nos guiar\u00e1 por libros imprescindibles para ayudarnos a comprender y apreciar el arte de la palabra po\u00e9tica. Una invitaci\u00f3n a la lectura, el an\u00e1lisis y el goce de obras y autores\/as que no deber\u00edas perderte, en&#8230;<\/p>\n","protected":false},"author":1,"featured_media":0,"comment_status":"open","ping_status":"open","sticky":false,"template":"","format":"standard","meta":[],"categories":[1],"tags":[],"_links":{"self":[{"href":"http:\/\/www.rmbs.es\/blog\/biblioteca-alberto-lista\/index.php?rest_route=\/wp\/v2\/posts\/2303"}],"collection":[{"href":"http:\/\/www.rmbs.es\/blog\/biblioteca-alberto-lista\/index.php?rest_route=\/wp\/v2\/posts"}],"about":[{"href":"http:\/\/www.rmbs.es\/blog\/biblioteca-alberto-lista\/index.php?rest_route=\/wp\/v2\/types\/post"}],"author":[{"embeddable":true,"href":"http:\/\/www.rmbs.es\/blog\/biblioteca-alberto-lista\/index.php?rest_route=\/wp\/v2\/users\/1"}],"replies":[{"embeddable":true,"href":"http:\/\/www.rmbs.es\/blog\/biblioteca-alberto-lista\/index.php?rest_route=%2Fwp%2Fv2%2Fcomments&post=2303"}],"version-history":[{"count":12,"href":"http:\/\/www.rmbs.es\/blog\/biblioteca-alberto-lista\/index.php?rest_route=\/wp\/v2\/posts\/2303\/revisions"}],"predecessor-version":[{"id":2316,"href":"http:\/\/www.rmbs.es\/blog\/biblioteca-alberto-lista\/index.php?rest_route=\/wp\/v2\/posts\/2303\/revisions\/2316"}],"wp:attachment":[{"href":"http:\/\/www.rmbs.es\/blog\/biblioteca-alberto-lista\/index.php?rest_route=%2Fwp%2Fv2%2Fmedia&parent=2303"}],"wp:term":[{"taxonomy":"category","embeddable":true,"href":"http:\/\/www.rmbs.es\/blog\/biblioteca-alberto-lista\/index.php?rest_route=%2Fwp%2Fv2%2Fcategories&post=2303"},{"taxonomy":"post_tag","embeddable":true,"href":"http:\/\/www.rmbs.es\/blog\/biblioteca-alberto-lista\/index.php?rest_route=%2Fwp%2Fv2%2Ftags&post=2303"}],"curies":[{"name":"wp","href":"https:\/\/api.w.org\/{rel}","templated":true}]}}