{"id":2294,"date":"2019-10-23T16:17:33","date_gmt":"2019-10-23T14:17:33","guid":{"rendered":"http:\/\/www.rmbs.es\/blog\/biblioteca-alberto-lista\/?p=2294"},"modified":"2019-10-23T16:17:33","modified_gmt":"2019-10-23T14:17:33","slug":"dia-de-la-biblioteca-2019","status":"publish","type":"post","link":"http:\/\/www.rmbs.es\/blog\/biblioteca-alberto-lista\/?p=2294","title":{"rendered":"D\u00cdA DE LA BIBLIOTECA 2019"},"content":{"rendered":"<p>El jueves 24 de Octubre se celebra en Espa\u00f1a, como cada a\u00f1o, el D\u00eda de la Biblioteca. Una iniciativa de la <a href=\"https:\/\/www.amigosdellibro.com\/\">Asociaci\u00f3n Espa\u00f1ola de Amigos del Libro infantil y Juvenil<\/a> que tuvo su origen en el a\u00f1o 1997. Desde entonces, Amigos del Libro se ha esforzado en dar a conocer y reconocer la labor de las bibliotecas, sus servicios, sus recursos profesionales y agradecer y reconocer la labor de los bibliotecarios y las bibliotecarias.<\/p>\n<p>El preg\u00f3n de este a\u00f1o, que reproducimos a continuaci\u00f3n, es obra de la escritora Gemma Pasqual, y el cartel ha sido realizado por el ilustrador Miguel Calatayud.<\/p>\n<p>&nbsp;<\/p>\n<p><strong>La sin cuento<\/strong><\/p>\n<p style=\"text-align: center;\"><em>No quer\u00eda ser princesa, no quer\u00eda ser liberada por el pr\u00edncipe azul. Tampoco que el beso de un Pr\u00edncipe la devolviera a la vida; ni que la salvara de la explotaci\u00f3n infantil, no quer\u00eda esconderse en la casa de los siete enanitos y ser su criada hasta que un pr\u00edncipe la viniese a rescatar. No era capaz de renunciar a su voz por el amor de un muchacho; ni esperaba que San Jorge la salvara del drag\u00f3n. Nobles princesas condenadas a dormir o al silencio, por orden de una madrastra, de un padre o de un hada buena.<\/em><\/p>\n<p style=\"text-align: center;\"><em>Y se calz\u00f3 sus zapatos rojos y huy\u00f3 de su cuento, corri\u00f3 y corri\u00f3 buscando refugio, convirti\u00e9ndose en una sin cuento. Era una sin libro, una sin papeles, no la quer\u00edan en ninguna parte.<\/em><\/p>\n<p style=\"text-align: center;\"><em>En una c\u00e1scara de nuez naveg\u00f3 por el Mar de las Letras, y naufrag\u00f3. Nadaba contracorriente, fuertes olas de frases la ahogaban, y cuando se dio por vencida y se abandon\u00f3 a su suerte, de repente, la salv\u00f3 la capitana Pippi L\u00e5ngstrump, una ni\u00f1a libre, generosa, que nunca se aburr\u00eda, que se atrev\u00eda a cuestionar el razonamiento de los adultos. Acompa\u00f1ada por Matilda navegaban por el mar de las letras para rescatar a todos aquellos personajes que se aventuraban a cruzar el mar buscando un cuento mejor. Hero\u00ednas con fuerte sentido de la justicia y del deber de proteger a los m\u00e1s d\u00e9biles.<\/em><\/p>\n<p style=\"text-align: center;\"><em>Finalmente, despu\u00e9s de muchas tribulaciones llegaron a puerto seguro, el Puerto de la Biblioteca, el Para\u00edso del que le hab\u00eda hablado Borges. Un lugar lleno de tesoros hundidos, como le hab\u00eda dicho Virginia Woolf; una nave espacial que la llevar\u00eda a los puntos m\u00e1s lejanos del universo; una m\u00e1quina del tiempo que la transportar\u00eda al pasado lejano y al lejano futuro; una salida a una vida mejor, m\u00e1s feliz y m\u00e1s \u00fatil, como le explic\u00f3 Isaac Asimov. Un lugar donde no necesitaba ser princesa para ser la protagonista de todos los cuentos.<\/em><\/p>\n<p style=\"text-align: center;\"><em>Larga vida a las bibliotecas, refugio de todos, tambi\u00e9n de los sin cuento, de los sin libro, de los sin papeles, de las ni\u00f1as que no quieren ser princesas y de los ni\u00f1os que no quieren ser h\u00e9roes. Larga vida a los bibliotecarios y bibliotecarias, guardianes del Para\u00edso, de m\u00e1quinas del tiempo y de grandes tesoros como son los libros.<\/em><\/p>\n<p><a href=\"http:\/\/www.rmbs.es\/blog\/biblioteca-alberto-lista\/wp-content\/uploads\/2019\/10\/dia-biblioteca-2019.jpg\"><img decoding=\"async\" loading=\"lazy\" class=\"aligncenter size-full wp-image-2299\" src=\"http:\/\/www.rmbs.es\/blog\/biblioteca-alberto-lista\/wp-content\/uploads\/2019\/10\/dia-biblioteca-2019.jpg\" alt=\"\" width=\"378\" height=\"540\" srcset=\"http:\/\/www.rmbs.es\/blog\/biblioteca-alberto-lista\/wp-content\/uploads\/2019\/10\/dia-biblioteca-2019.jpg 378w, http:\/\/www.rmbs.es\/blog\/biblioteca-alberto-lista\/wp-content\/uploads\/2019\/10\/dia-biblioteca-2019-210x300.jpg 210w, http:\/\/www.rmbs.es\/blog\/biblioteca-alberto-lista\/wp-content\/uploads\/2019\/10\/dia-biblioteca-2019-105x150.jpg 105w, http:\/\/www.rmbs.es\/blog\/biblioteca-alberto-lista\/wp-content\/uploads\/2019\/10\/dia-biblioteca-2019-17x24.jpg 17w, http:\/\/www.rmbs.es\/blog\/biblioteca-alberto-lista\/wp-content\/uploads\/2019\/10\/dia-biblioteca-2019-25x36.jpg 25w, http:\/\/www.rmbs.es\/blog\/biblioteca-alberto-lista\/wp-content\/uploads\/2019\/10\/dia-biblioteca-2019-34x48.jpg 34w\" sizes=\"(max-width: 378px) 100vw, 378px\" \/><\/a><\/p>\n","protected":false},"excerpt":{"rendered":"<p>El jueves 24 de Octubre se celebra en Espa\u00f1a, como cada a\u00f1o, el D\u00eda de la Biblioteca. Una iniciativa de la Asociaci\u00f3n Espa\u00f1ola de Amigos del Libro infantil y Juvenil que tuvo su origen en el a\u00f1o 1997. Desde entonces, Amigos del Libro se ha esforzado en dar a conocer y reconocer la labor de&#8230;<\/p>\n","protected":false},"author":1,"featured_media":0,"comment_status":"open","ping_status":"open","sticky":false,"template":"","format":"standard","meta":[],"categories":[1],"tags":[],"_links":{"self":[{"href":"http:\/\/www.rmbs.es\/blog\/biblioteca-alberto-lista\/index.php?rest_route=\/wp\/v2\/posts\/2294"}],"collection":[{"href":"http:\/\/www.rmbs.es\/blog\/biblioteca-alberto-lista\/index.php?rest_route=\/wp\/v2\/posts"}],"about":[{"href":"http:\/\/www.rmbs.es\/blog\/biblioteca-alberto-lista\/index.php?rest_route=\/wp\/v2\/types\/post"}],"author":[{"embeddable":true,"href":"http:\/\/www.rmbs.es\/blog\/biblioteca-alberto-lista\/index.php?rest_route=\/wp\/v2\/users\/1"}],"replies":[{"embeddable":true,"href":"http:\/\/www.rmbs.es\/blog\/biblioteca-alberto-lista\/index.php?rest_route=%2Fwp%2Fv2%2Fcomments&post=2294"}],"version-history":[{"count":7,"href":"http:\/\/www.rmbs.es\/blog\/biblioteca-alberto-lista\/index.php?rest_route=\/wp\/v2\/posts\/2294\/revisions"}],"predecessor-version":[{"id":2302,"href":"http:\/\/www.rmbs.es\/blog\/biblioteca-alberto-lista\/index.php?rest_route=\/wp\/v2\/posts\/2294\/revisions\/2302"}],"wp:attachment":[{"href":"http:\/\/www.rmbs.es\/blog\/biblioteca-alberto-lista\/index.php?rest_route=%2Fwp%2Fv2%2Fmedia&parent=2294"}],"wp:term":[{"taxonomy":"category","embeddable":true,"href":"http:\/\/www.rmbs.es\/blog\/biblioteca-alberto-lista\/index.php?rest_route=%2Fwp%2Fv2%2Fcategories&post=2294"},{"taxonomy":"post_tag","embeddable":true,"href":"http:\/\/www.rmbs.es\/blog\/biblioteca-alberto-lista\/index.php?rest_route=%2Fwp%2Fv2%2Ftags&post=2294"}],"curies":[{"name":"wp","href":"https:\/\/api.w.org\/{rel}","templated":true}]}}