{"id":2289,"date":"2019-06-19T12:12:38","date_gmt":"2019-06-19T10:12:38","guid":{"rendered":"http:\/\/www.rmbs.es\/blog\/biblioteca-alberto-lista\/?p=2289"},"modified":"2019-06-19T12:12:55","modified_gmt":"2019-06-19T10:12:55","slug":"prestamo-de-verano-2","status":"publish","type":"post","link":"http:\/\/www.rmbs.es\/blog\/biblioteca-alberto-lista\/?p=2289","title":{"rendered":"PR\u00c9STAMO DE VERANO"},"content":{"rendered":"<p>Desde el <strong>21<\/strong> de <strong>Junio<\/strong> hasta el <strong>30<\/strong> de <strong>Agosto <\/strong>ampliamos el pr\u00e9stamo de los libros. Puedes llevarte un m\u00e1ximo de <strong>4 ejemplares<\/strong> durante <strong>35 d\u00edas<\/strong>, renovables <strong>10<\/strong> d\u00edas m\u00e1s (siempre que el libro no est\u00e9 reservado)<\/p>\n<p><a href=\"http:\/\/www.rmbs.es\/blog\/biblioteca-alberto-lista\/wp-content\/uploads\/2019\/06\/Verano-y-Libros.jpg\"><img decoding=\"async\" loading=\"lazy\" class=\"aligncenter size-medium wp-image-2291\" src=\"http:\/\/www.rmbs.es\/blog\/biblioteca-alberto-lista\/wp-content\/uploads\/2019\/06\/Verano-y-Libros-300x226.jpg\" alt=\"\" width=\"300\" height=\"226\" srcset=\"http:\/\/www.rmbs.es\/blog\/biblioteca-alberto-lista\/wp-content\/uploads\/2019\/06\/Verano-y-Libros-300x226.jpg 300w, http:\/\/www.rmbs.es\/blog\/biblioteca-alberto-lista\/wp-content\/uploads\/2019\/06\/Verano-y-Libros-768x578.jpg 768w, http:\/\/www.rmbs.es\/blog\/biblioteca-alberto-lista\/wp-content\/uploads\/2019\/06\/Verano-y-Libros-1024x771.jpg 1024w, http:\/\/www.rmbs.es\/blog\/biblioteca-alberto-lista\/wp-content\/uploads\/2019\/06\/Verano-y-Libros-150x113.jpg 150w, http:\/\/www.rmbs.es\/blog\/biblioteca-alberto-lista\/wp-content\/uploads\/2019\/06\/Verano-y-Libros-24x18.jpg 24w, http:\/\/www.rmbs.es\/blog\/biblioteca-alberto-lista\/wp-content\/uploads\/2019\/06\/Verano-y-Libros-36x27.jpg 36w, http:\/\/www.rmbs.es\/blog\/biblioteca-alberto-lista\/wp-content\/uploads\/2019\/06\/Verano-y-Libros-48x36.jpg 48w, http:\/\/www.rmbs.es\/blog\/biblioteca-alberto-lista\/wp-content\/uploads\/2019\/06\/Verano-y-Libros.jpg 1589w\" sizes=\"(max-width: 300px) 100vw, 300px\" \/><\/a><\/p>\n<p>&nbsp;<\/p>\n","protected":false},"excerpt":{"rendered":"<p>Desde el 21 de Junio hasta el 30 de Agosto ampliamos el pr\u00e9stamo de los libros. Puedes llevarte un m\u00e1ximo de 4 ejemplares durante 35 d\u00edas, renovables 10 d\u00edas m\u00e1s (siempre que el libro no est\u00e9 reservado) &nbsp;<\/p>\n","protected":false},"author":1,"featured_media":0,"comment_status":"open","ping_status":"open","sticky":false,"template":"","format":"standard","meta":[],"categories":[1],"tags":[],"_links":{"self":[{"href":"http:\/\/www.rmbs.es\/blog\/biblioteca-alberto-lista\/index.php?rest_route=\/wp\/v2\/posts\/2289"}],"collection":[{"href":"http:\/\/www.rmbs.es\/blog\/biblioteca-alberto-lista\/index.php?rest_route=\/wp\/v2\/posts"}],"about":[{"href":"http:\/\/www.rmbs.es\/blog\/biblioteca-alberto-lista\/index.php?rest_route=\/wp\/v2\/types\/post"}],"author":[{"embeddable":true,"href":"http:\/\/www.rmbs.es\/blog\/biblioteca-alberto-lista\/index.php?rest_route=\/wp\/v2\/users\/1"}],"replies":[{"embeddable":true,"href":"http:\/\/www.rmbs.es\/blog\/biblioteca-alberto-lista\/index.php?rest_route=%2Fwp%2Fv2%2Fcomments&post=2289"}],"version-history":[{"count":2,"href":"http:\/\/www.rmbs.es\/blog\/biblioteca-alberto-lista\/index.php?rest_route=\/wp\/v2\/posts\/2289\/revisions"}],"predecessor-version":[{"id":2292,"href":"http:\/\/www.rmbs.es\/blog\/biblioteca-alberto-lista\/index.php?rest_route=\/wp\/v2\/posts\/2289\/revisions\/2292"}],"wp:attachment":[{"href":"http:\/\/www.rmbs.es\/blog\/biblioteca-alberto-lista\/index.php?rest_route=%2Fwp%2Fv2%2Fmedia&parent=2289"}],"wp:term":[{"taxonomy":"category","embeddable":true,"href":"http:\/\/www.rmbs.es\/blog\/biblioteca-alberto-lista\/index.php?rest_route=%2Fwp%2Fv2%2Fcategories&post=2289"},{"taxonomy":"post_tag","embeddable":true,"href":"http:\/\/www.rmbs.es\/blog\/biblioteca-alberto-lista\/index.php?rest_route=%2Fwp%2Fv2%2Ftags&post=2289"}],"curies":[{"name":"wp","href":"https:\/\/api.w.org\/{rel}","templated":true}]}}