{"id":2268,"date":"2019-05-23T12:06:44","date_gmt":"2019-05-23T10:06:44","guid":{"rendered":"http:\/\/www.rmbs.es\/blog\/biblioteca-alberto-lista\/?p=2268"},"modified":"2019-05-23T12:06:53","modified_gmt":"2019-05-23T10:06:53","slug":"feria-del-libro-2019","status":"publish","type":"post","link":"http:\/\/www.rmbs.es\/blog\/biblioteca-alberto-lista\/?p=2268","title":{"rendered":"FERIA DEL LIBRO 2019"},"content":{"rendered":"<p style=\"text-align: justify;\">Desde el 23 de mayo y hasta el 2 de junio se celebra en la Plaza Nueva la <strong>Feria del Libro<\/strong>, que este a\u00f1o tiene como pa\u00eds invitado a Portugal, con motivo de la conmemoraci\u00f3n del V Centenario de la Primera Vuelta al Mundo.<\/p>\n<p>La Feria ser\u00e1 inaugurada a las 20 horas por la escritora <strong>Elvira Lindo<\/strong> (C\u00e1diz, 1962). Creadora del personaje de <strong>Manolito Gafotas<\/strong>, desde la publicaci\u00f3n del primer libro de la serie en 1994, goza de un \u00e9xito enorme. Su obra incluye las novelas \u00abEl otro barrio\u00bb (1998), \u00abAlgo m\u00e1s inesperado que la muerte\u00bb(2003), \u00abLo que me queda por vivir\u00bb (2010), \u00abLugares que no quiero compartir con nadie\u00bb (2011) o la obra de teatro \u00abLa ley de la selva\u00bb (1996).<\/p>\n<p>En 1998 fue galardonada con el <strong>Premio Nacional de Literatura <\/strong><strong>Infantil y Juvenil<\/strong>, y en 2005 recibi\u00f3 el<strong> Premio Biblioteca Breve<\/strong> por la novela <strong>\u00abUna palabra tuya\u00bb<\/strong>, llevada al cine con gran \u00e9xito.<\/p>\n<p style=\"text-align: justify;\">Su \u00faltima publicaci\u00f3n ha sido <strong>\u00ab30 maneras de quitarse el sombrero\u00bb<\/strong> (Seix Barral), un ensayo en el que analiza la obra y el tiempo de mujeres como Maruja Mallo, Margarita Manso o Concha M\u00e9ndez, entre otras, que vivieron al margen del canon masculino, y un magn\u00edfico autorretrato en el que repasa su propia trayectoria vital y literaria.<\/p>\n<p>Con este acto, la FLS19 marca el inicio de un <strong>intenso programa <\/strong>que congregar\u00e1 <strong>m\u00e1s de 200 actividades <\/strong>y centenares de firmas dirigidas a p\u00fablicos de todas las edades y de todas las inquietudes con actos que van desde las tradicionales mesas redondas, presentaciones, visitas escolares, cuentacuentos o recitales a conciertos, animaciones callejeras, talleres, microteatro o rutas literarias, entre otras.<\/p>\n<p>De este modo, nombres como<strong> Rosa Montero, Lorenzo Silva, Javier Reverte, Julia Navarro, Patricio Pron, Sergio del Molino, Petros M\u00e1rkaris <\/strong>y <strong>Marta Sanz <\/strong>ser\u00e1n algunos de los autores que estar\u00e1n presentes.<\/p>\n<p style=\"text-align: justify;\">Bajo el lema <strong><span style=\"color: #993300;\">&#8216;Leyendo voy, viajando vengo&#8217;<\/span><\/strong> se pretende resaltar el papel de la lectura como \u00abventana al mundo y la capacidad de los libros para transportarnos a otros universos y abrirnos la mente\u00bb.<\/p>\n<p>Puede consultarse toda la programaci\u00f3n en el siguiente enlace:<\/p>\n<p><a href=\"https:\/\/ferialibrosevilla.com\/\" target=\"_blank\" rel=\"noopener noreferrer\">https:\/\/ferialibrosevilla.com\/<\/a><\/p>\n<p>&nbsp;<\/p>\n<p>&nbsp;<\/p>\n<p><a id=\"irc_mil\" href=\"https:\/\/www.google.es\/url?sa=i&amp;rct=j&amp;q=&amp;esrc=s&amp;source=images&amp;cd=&amp;ved=2ahUKEwikioe5sLHiAhWnA2MBHfI6BYEQjRx6BAgBEAU&amp;url=https%3A%2F%2Fwww.diariodesevilla.es%2Focio%2FCartel-Feria-Libro-Sevilla-2019_0_1344165830.html&amp;psig=AOvVaw097icQ5NQVSMbknDvXp_zL&amp;ust=1558691465942374\" target=\"_blank\" rel=\"noopener noreferrer\" data-ved=\"2ahUKEwikioe5sLHiAhWnA2MBHfI6BYEQjRx6BAgBEAU\" data-cthref=\"\/url?sa=i&amp;rct=j&amp;q=&amp;esrc=s&amp;source=images&amp;cd=&amp;ved=2ahUKEwikioe5sLHiAhWnA2MBHfI6BYEQjRx6BAgBEAU&amp;url=https%3A%2F%2Fwww.diariodesevilla.es%2Focio%2FCartel-Feria-Libro-Sevilla-2019_0_1344165830.html&amp;psig=AOvVaw097icQ5NQVSMbknDvXp_zL&amp;ust=1558691465942374\"><img decoding=\"async\" loading=\"lazy\" id=\"irc_mi\" class=\"aligncenter\" src=\"https:\/\/www.diariodesevilla.es\/2019\/04\/09\/ocio\/cartel-completo_1344175964_97689511_667x933.jpg\" alt=\"Resultado de imagen de feria del libro sevilla 2019 cartel\" width=\"253\" height=\"353\" data-iml=\"1558605096774\" \/><\/a><\/p>\n","protected":false},"excerpt":{"rendered":"<p>Desde el 23 de mayo y hasta el 2 de junio se celebra en la Plaza Nueva la Feria del Libro, que este a\u00f1o tiene como pa\u00eds invitado a Portugal, con motivo de la conmemoraci\u00f3n del V Centenario de la Primera Vuelta al Mundo. La Feria ser\u00e1 inaugurada a las 20 horas por la escritora&#8230;<\/p>\n","protected":false},"author":1,"featured_media":0,"comment_status":"open","ping_status":"open","sticky":false,"template":"","format":"standard","meta":[],"categories":[1],"tags":[],"_links":{"self":[{"href":"http:\/\/www.rmbs.es\/blog\/biblioteca-alberto-lista\/index.php?rest_route=\/wp\/v2\/posts\/2268"}],"collection":[{"href":"http:\/\/www.rmbs.es\/blog\/biblioteca-alberto-lista\/index.php?rest_route=\/wp\/v2\/posts"}],"about":[{"href":"http:\/\/www.rmbs.es\/blog\/biblioteca-alberto-lista\/index.php?rest_route=\/wp\/v2\/types\/post"}],"author":[{"embeddable":true,"href":"http:\/\/www.rmbs.es\/blog\/biblioteca-alberto-lista\/index.php?rest_route=\/wp\/v2\/users\/1"}],"replies":[{"embeddable":true,"href":"http:\/\/www.rmbs.es\/blog\/biblioteca-alberto-lista\/index.php?rest_route=%2Fwp%2Fv2%2Fcomments&post=2268"}],"version-history":[{"count":12,"href":"http:\/\/www.rmbs.es\/blog\/biblioteca-alberto-lista\/index.php?rest_route=\/wp\/v2\/posts\/2268\/revisions"}],"predecessor-version":[{"id":2280,"href":"http:\/\/www.rmbs.es\/blog\/biblioteca-alberto-lista\/index.php?rest_route=\/wp\/v2\/posts\/2268\/revisions\/2280"}],"wp:attachment":[{"href":"http:\/\/www.rmbs.es\/blog\/biblioteca-alberto-lista\/index.php?rest_route=%2Fwp%2Fv2%2Fmedia&parent=2268"}],"wp:term":[{"taxonomy":"category","embeddable":true,"href":"http:\/\/www.rmbs.es\/blog\/biblioteca-alberto-lista\/index.php?rest_route=%2Fwp%2Fv2%2Fcategories&post=2268"},{"taxonomy":"post_tag","embeddable":true,"href":"http:\/\/www.rmbs.es\/blog\/biblioteca-alberto-lista\/index.php?rest_route=%2Fwp%2Fv2%2Ftags&post=2268"}],"curies":[{"name":"wp","href":"https:\/\/api.w.org\/{rel}","templated":true}]}}