{"id":2253,"date":"2019-05-03T09:52:00","date_gmt":"2019-05-03T07:52:00","guid":{"rendered":"http:\/\/www.rmbs.es\/blog\/biblioteca-alberto-lista\/?p=2253"},"modified":"2019-05-03T10:12:00","modified_gmt":"2019-05-03T08:12:00","slug":"horario-de-feria-7","status":"publish","type":"post","link":"http:\/\/www.rmbs.es\/blog\/biblioteca-alberto-lista\/?p=2253","title":{"rendered":"HORARIO DE FERIA"},"content":{"rendered":"<p>Durante la pr\u00f3xima semana, el horario de atenci\u00f3n al p\u00fablico ser\u00e1:<\/p>\n<p>&nbsp;<\/p>\n<p><a href=\"http:\/\/www.rmbs.es\/blog\/biblioteca-alberto-lista\/wp-content\/uploads\/2019\/05\/Cartel-Fiestas-de-Primavera-2019.jpg\"><img decoding=\"async\" loading=\"lazy\" class=\"alignleft wp-image-2254\" src=\"http:\/\/www.rmbs.es\/blog\/biblioteca-alberto-lista\/wp-content\/uploads\/2019\/05\/Cartel-Fiestas-de-Primavera-2019-209x300.jpg\" alt=\"\" width=\"217\" height=\"311\" srcset=\"http:\/\/www.rmbs.es\/blog\/biblioteca-alberto-lista\/wp-content\/uploads\/2019\/05\/Cartel-Fiestas-de-Primavera-2019-209x300.jpg 209w, http:\/\/www.rmbs.es\/blog\/biblioteca-alberto-lista\/wp-content\/uploads\/2019\/05\/Cartel-Fiestas-de-Primavera-2019-104x150.jpg 104w, http:\/\/www.rmbs.es\/blog\/biblioteca-alberto-lista\/wp-content\/uploads\/2019\/05\/Cartel-Fiestas-de-Primavera-2019-17x24.jpg 17w, http:\/\/www.rmbs.es\/blog\/biblioteca-alberto-lista\/wp-content\/uploads\/2019\/05\/Cartel-Fiestas-de-Primavera-2019-25x36.jpg 25w, http:\/\/www.rmbs.es\/blog\/biblioteca-alberto-lista\/wp-content\/uploads\/2019\/05\/Cartel-Fiestas-de-Primavera-2019-33x48.jpg 33w, http:\/\/www.rmbs.es\/blog\/biblioteca-alberto-lista\/wp-content\/uploads\/2019\/05\/Cartel-Fiestas-de-Primavera-2019.jpg 644w\" sizes=\"(max-width: 217px) 100vw, 217px\" \/><\/a><strong>LUNES 6 de MAYO<\/strong>: de 10.00 a 13.00 h<\/p>\n<p><strong>MARTES 7 de MAYO<\/strong>: de 10.00 a 13.00 h<\/p>\n<p><strong>MI\u00c9RCOLES 8 de MAYO<\/strong>: FESTIVO LOCAL<\/p>\n<p><strong>JUEVES 9 de MAYO<\/strong>: de 10.00 a 13.00 h<\/p>\n<p><strong>VIERNES 10 de MAYO<\/strong>: CERRADO<\/p>\n<p>&nbsp;<\/p>\n<p>&nbsp;<\/p>\n","protected":false},"excerpt":{"rendered":"<p>Durante la pr\u00f3xima semana, el horario de atenci\u00f3n al p\u00fablico ser\u00e1: &nbsp; LUNES 6 de MAYO: de 10.00 a 13.00 h MARTES 7 de MAYO: de 10.00 a 13.00 h MI\u00c9RCOLES 8 de MAYO: FESTIVO LOCAL JUEVES 9 de MAYO: de 10.00 a 13.00 h VIERNES 10 de MAYO: CERRADO &nbsp; &nbsp;<\/p>\n","protected":false},"author":1,"featured_media":0,"comment_status":"open","ping_status":"open","sticky":false,"template":"","format":"standard","meta":[],"categories":[1],"tags":[],"_links":{"self":[{"href":"http:\/\/www.rmbs.es\/blog\/biblioteca-alberto-lista\/index.php?rest_route=\/wp\/v2\/posts\/2253"}],"collection":[{"href":"http:\/\/www.rmbs.es\/blog\/biblioteca-alberto-lista\/index.php?rest_route=\/wp\/v2\/posts"}],"about":[{"href":"http:\/\/www.rmbs.es\/blog\/biblioteca-alberto-lista\/index.php?rest_route=\/wp\/v2\/types\/post"}],"author":[{"embeddable":true,"href":"http:\/\/www.rmbs.es\/blog\/biblioteca-alberto-lista\/index.php?rest_route=\/wp\/v2\/users\/1"}],"replies":[{"embeddable":true,"href":"http:\/\/www.rmbs.es\/blog\/biblioteca-alberto-lista\/index.php?rest_route=%2Fwp%2Fv2%2Fcomments&post=2253"}],"version-history":[{"count":12,"href":"http:\/\/www.rmbs.es\/blog\/biblioteca-alberto-lista\/index.php?rest_route=\/wp\/v2\/posts\/2253\/revisions"}],"predecessor-version":[{"id":2266,"href":"http:\/\/www.rmbs.es\/blog\/biblioteca-alberto-lista\/index.php?rest_route=\/wp\/v2\/posts\/2253\/revisions\/2266"}],"wp:attachment":[{"href":"http:\/\/www.rmbs.es\/blog\/biblioteca-alberto-lista\/index.php?rest_route=%2Fwp%2Fv2%2Fmedia&parent=2253"}],"wp:term":[{"taxonomy":"category","embeddable":true,"href":"http:\/\/www.rmbs.es\/blog\/biblioteca-alberto-lista\/index.php?rest_route=%2Fwp%2Fv2%2Fcategories&post=2253"},{"taxonomy":"post_tag","embeddable":true,"href":"http:\/\/www.rmbs.es\/blog\/biblioteca-alberto-lista\/index.php?rest_route=%2Fwp%2Fv2%2Ftags&post=2253"}],"curies":[{"name":"wp","href":"https:\/\/api.w.org\/{rel}","templated":true}]}}