{"id":2240,"date":"2019-04-29T13:00:40","date_gmt":"2019-04-29T11:00:40","guid":{"rendered":"http:\/\/www.rmbs.es\/blog\/biblioteca-alberto-lista\/?p=2240"},"modified":"2019-04-29T13:09:11","modified_gmt":"2019-04-29T11:09:11","slug":"actividades-de-mayo-en-la-biblioteca","status":"publish","type":"post","link":"http:\/\/www.rmbs.es\/blog\/biblioteca-alberto-lista\/?p=2240","title":{"rendered":"ACTIVIDADES DE MAYO EN LA BIBLIOTECA"},"content":{"rendered":"<ul>\n<li><strong>D\u00cdA 21<\/strong><\/li>\n<\/ul>\n<p><span style=\"color: #ff6600;\"><strong><u>\u201cLAS FLORES AMARILLAS: SO\u00d1AR PLATERO\u201d<\/u><\/strong><\/span><\/p>\n<p>\u00bfSab\u00edas que en 2019 se cumplen 100 a\u00f1os de la publicaci\u00f3n de \u201cPlatero y yo\u201d? Por este motivo, en la biblioteca tendremos una sesi\u00f3n de cuentos muy especial. (Por\u00a0Sonia Carmona, de \u201cAai\u00fan Producciones\u201d).<\/p>\n<ul>\n<li>Destinatarios: Grupos escolares de <strong>5\u00ba y 6\u00ba de Primaria. Sesiones concertadas<\/strong><\/li>\n<li>M\u00e1ximo:<strong> 30 alumnos por sesi\u00f3n<\/strong><\/li>\n<li>Horario: <strong>10:30 h. (1\u00aa ses.) ; 11:30 (2\u00aa ses.)<\/strong><\/li>\n<li>Inscripciones: <strong>antes del 20 de mayo<\/strong><\/li>\n<\/ul>\n<p>&nbsp;<\/p>\n<p><a href=\"http:\/\/www.rmbs.es\/blog\/biblioteca-alberto-lista\/wp-content\/uploads\/2019\/04\/juan-ramon-y-platero.jpg\"><img decoding=\"async\" loading=\"lazy\" class=\"aligncenter size-medium wp-image-2246\" src=\"http:\/\/www.rmbs.es\/blog\/biblioteca-alberto-lista\/wp-content\/uploads\/2019\/04\/juan-ramon-y-platero-300x180.jpg\" alt=\"\" width=\"300\" height=\"180\" srcset=\"http:\/\/www.rmbs.es\/blog\/biblioteca-alberto-lista\/wp-content\/uploads\/2019\/04\/juan-ramon-y-platero-300x180.jpg 300w, http:\/\/www.rmbs.es\/blog\/biblioteca-alberto-lista\/wp-content\/uploads\/2019\/04\/juan-ramon-y-platero-768x461.jpg 768w, http:\/\/www.rmbs.es\/blog\/biblioteca-alberto-lista\/wp-content\/uploads\/2019\/04\/juan-ramon-y-platero-150x90.jpg 150w, http:\/\/www.rmbs.es\/blog\/biblioteca-alberto-lista\/wp-content\/uploads\/2019\/04\/juan-ramon-y-platero-24x14.jpg 24w, http:\/\/www.rmbs.es\/blog\/biblioteca-alberto-lista\/wp-content\/uploads\/2019\/04\/juan-ramon-y-platero-36x22.jpg 36w, http:\/\/www.rmbs.es\/blog\/biblioteca-alberto-lista\/wp-content\/uploads\/2019\/04\/juan-ramon-y-platero-48x29.jpg 48w, http:\/\/www.rmbs.es\/blog\/biblioteca-alberto-lista\/wp-content\/uploads\/2019\/04\/juan-ramon-y-platero.jpg 769w\" sizes=\"(max-width: 300px) 100vw, 300px\" \/><\/a><\/p>\n<p>&nbsp;<\/p>\n<ul>\n<li><strong>D\u00cdA 22<\/strong><\/li>\n<\/ul>\n<p><span style=\"color: #ff6600;\"><strong><u>\u201cA GALOPAR, A GALOPAR\u2026 ALBERTI YA EST\u00c1 EN EL MAR\u201d<\/u><\/strong><\/span><\/p>\n<p>El 27 de octubre de 1999, el poeta gaditano Rafael Alberti se une para siempre al mar de la bah\u00eda. Transcurridos ya 20 a\u00f1os de su muerte, desde la biblioteca Alberto Lista le rendimos homenaje con esta sesi\u00f3n de narraci\u00f3n oral para escolares que versar\u00e1 sobre su vida y su obra. (Por\u00a0Sonia Carmona, de \u201cAai\u00fan Producciones\u201d).<\/p>\n<ul>\n<li>Destinatarios: Grupos escolares de <strong>5\u00ba y 6\u00ba de Primaria. Sesiones concertadas<\/strong><\/li>\n<li>M\u00e1ximo:<strong> 30 alumnos por sesi\u00f3n<\/strong><\/li>\n<li>Horario: <strong>10:30 h. (1\u00aa ses.) ; 11:30 (2\u00aa ses.)<\/strong><\/li>\n<li>Inscripciones: <strong>antes del 20 de mayo<\/strong><\/li>\n<\/ul>\n<p>&nbsp;<\/p>\n<p><a href=\"http:\/\/www.rmbs.es\/blog\/biblioteca-alberto-lista\/wp-content\/uploads\/2019\/04\/rafael-alberti.jpg\"><img decoding=\"async\" loading=\"lazy\" class=\"aligncenter size-medium wp-image-2248\" src=\"http:\/\/www.rmbs.es\/blog\/biblioteca-alberto-lista\/wp-content\/uploads\/2019\/04\/rafael-alberti-300x225.jpg\" alt=\"\" width=\"300\" height=\"225\" srcset=\"http:\/\/www.rmbs.es\/blog\/biblioteca-alberto-lista\/wp-content\/uploads\/2019\/04\/rafael-alberti-300x225.jpg 300w, http:\/\/www.rmbs.es\/blog\/biblioteca-alberto-lista\/wp-content\/uploads\/2019\/04\/rafael-alberti-150x113.jpg 150w, http:\/\/www.rmbs.es\/blog\/biblioteca-alberto-lista\/wp-content\/uploads\/2019\/04\/rafael-alberti-24x18.jpg 24w, http:\/\/www.rmbs.es\/blog\/biblioteca-alberto-lista\/wp-content\/uploads\/2019\/04\/rafael-alberti-36x27.jpg 36w, http:\/\/www.rmbs.es\/blog\/biblioteca-alberto-lista\/wp-content\/uploads\/2019\/04\/rafael-alberti-48x36.jpg 48w, http:\/\/www.rmbs.es\/blog\/biblioteca-alberto-lista\/wp-content\/uploads\/2019\/04\/rafael-alberti.jpg 640w\" sizes=\"(max-width: 300px) 100vw, 300px\" \/><\/a><\/p>\n<p>&nbsp;<\/p>\n<ul>\n<li><strong>D\u00cdAS 28 y 29<\/strong><\/li>\n<\/ul>\n<p><span style=\"color: #0000ff;\"><strong><u>\u201cTALLER DE C\u00d3MIC-MANGA\u201d<\/u><\/strong><\/span><\/p>\n<p>Quince personas aprender\u00e1n los elementos b\u00e1sicos del lenguaje expresivo del c\u00f3mic: estudiar\u00e1n dibujo, creaci\u00f3n de personajes, fondos, guion y todo lo relacionado con la historieta. De este modo, conseguir\u00e1n realizar su propia obra. (Por \u201cEngranajes Culturales\u201d).<\/p>\n<ul>\n<li>Destinatarios: P\u00fablico en general<strong> (mayores de 12 a\u00f1os)<\/strong><\/li>\n<li>M\u00e1ximo:<strong> 15 participantes<\/strong><\/li>\n<li>Horario: <strong>18:30 h. a 20:30 h.<\/strong><\/li>\n<li>Inscripciones: <strong>antes del 27 de mayo<\/strong><\/li>\n<li>Las personas interesadas pueden inscribirse<strong> en la propia biblioteca <\/strong>(calle Feria, n\u00ba 57),<strong> por tel\u00e9fono <\/strong>(955 472 080\/81)<strong> o por e-mail <\/strong>(albertolista.sbs.cultura@sevilla.org).<\/li>\n<\/ul>\n<p>&nbsp;<\/p>\n<p><a href=\"http:\/\/www.rmbs.es\/blog\/biblioteca-alberto-lista\/wp-content\/uploads\/2019\/04\/Manga-comic.jpg\"><img decoding=\"async\" loading=\"lazy\" class=\"aligncenter size-medium wp-image-2244\" src=\"http:\/\/www.rmbs.es\/blog\/biblioteca-alberto-lista\/wp-content\/uploads\/2019\/04\/Manga-comic-300x169.jpg\" alt=\"\" width=\"300\" height=\"169\" srcset=\"http:\/\/www.rmbs.es\/blog\/biblioteca-alberto-lista\/wp-content\/uploads\/2019\/04\/Manga-comic-300x169.jpg 300w, http:\/\/www.rmbs.es\/blog\/biblioteca-alberto-lista\/wp-content\/uploads\/2019\/04\/Manga-comic-150x84.jpg 150w, http:\/\/www.rmbs.es\/blog\/biblioteca-alberto-lista\/wp-content\/uploads\/2019\/04\/Manga-comic-24x14.jpg 24w, http:\/\/www.rmbs.es\/blog\/biblioteca-alberto-lista\/wp-content\/uploads\/2019\/04\/Manga-comic-36x20.jpg 36w, http:\/\/www.rmbs.es\/blog\/biblioteca-alberto-lista\/wp-content\/uploads\/2019\/04\/Manga-comic-48x27.jpg 48w, http:\/\/www.rmbs.es\/blog\/biblioteca-alberto-lista\/wp-content\/uploads\/2019\/04\/Manga-comic.jpg 720w\" sizes=\"(max-width: 300px) 100vw, 300px\" \/><\/a><\/p>\n","protected":false},"excerpt":{"rendered":"<p>D\u00cdA 21 \u201cLAS FLORES AMARILLAS: SO\u00d1AR PLATERO\u201d \u00bfSab\u00edas que en 2019 se cumplen 100 a\u00f1os de la publicaci\u00f3n de \u201cPlatero y yo\u201d? Por este motivo, en la biblioteca tendremos una sesi\u00f3n de cuentos muy especial. (Por\u00a0Sonia Carmona, de \u201cAai\u00fan Producciones\u201d). Destinatarios: Grupos escolares de 5\u00ba y 6\u00ba de Primaria. Sesiones concertadas M\u00e1ximo: 30 alumnos por&#8230;<\/p>\n","protected":false},"author":1,"featured_media":0,"comment_status":"open","ping_status":"open","sticky":false,"template":"","format":"standard","meta":[],"categories":[1],"tags":[],"_links":{"self":[{"href":"http:\/\/www.rmbs.es\/blog\/biblioteca-alberto-lista\/index.php?rest_route=\/wp\/v2\/posts\/2240"}],"collection":[{"href":"http:\/\/www.rmbs.es\/blog\/biblioteca-alberto-lista\/index.php?rest_route=\/wp\/v2\/posts"}],"about":[{"href":"http:\/\/www.rmbs.es\/blog\/biblioteca-alberto-lista\/index.php?rest_route=\/wp\/v2\/types\/post"}],"author":[{"embeddable":true,"href":"http:\/\/www.rmbs.es\/blog\/biblioteca-alberto-lista\/index.php?rest_route=\/wp\/v2\/users\/1"}],"replies":[{"embeddable":true,"href":"http:\/\/www.rmbs.es\/blog\/biblioteca-alberto-lista\/index.php?rest_route=%2Fwp%2Fv2%2Fcomments&post=2240"}],"version-history":[{"count":6,"href":"http:\/\/www.rmbs.es\/blog\/biblioteca-alberto-lista\/index.php?rest_route=\/wp\/v2\/posts\/2240\/revisions"}],"predecessor-version":[{"id":2251,"href":"http:\/\/www.rmbs.es\/blog\/biblioteca-alberto-lista\/index.php?rest_route=\/wp\/v2\/posts\/2240\/revisions\/2251"}],"wp:attachment":[{"href":"http:\/\/www.rmbs.es\/blog\/biblioteca-alberto-lista\/index.php?rest_route=%2Fwp%2Fv2%2Fmedia&parent=2240"}],"wp:term":[{"taxonomy":"category","embeddable":true,"href":"http:\/\/www.rmbs.es\/blog\/biblioteca-alberto-lista\/index.php?rest_route=%2Fwp%2Fv2%2Fcategories&post=2240"},{"taxonomy":"post_tag","embeddable":true,"href":"http:\/\/www.rmbs.es\/blog\/biblioteca-alberto-lista\/index.php?rest_route=%2Fwp%2Fv2%2Ftags&post=2240"}],"curies":[{"name":"wp","href":"https:\/\/api.w.org\/{rel}","templated":true}]}}