{"id":2226,"date":"2019-04-23T10:57:15","date_gmt":"2019-04-23T08:57:15","guid":{"rendered":"http:\/\/www.rmbs.es\/blog\/biblioteca-alberto-lista\/?p=2226"},"modified":"2019-04-23T10:58:40","modified_gmt":"2019-04-23T08:58:40","slug":"feliz-dia-del-libro","status":"publish","type":"post","link":"http:\/\/www.rmbs.es\/blog\/biblioteca-alberto-lista\/?p=2226","title":{"rendered":"FELIZ D\u00cdA DEL LIBRO"},"content":{"rendered":"<p>El 23 de abril es un d\u00eda solidario, alegre y festivo. Puedes regalar libros, ense\u00f1ar a apreciar la lectura, incluso escribir y hablar sobre la fiesta.<\/p>\n<p>Regala un libro a las personas queridas, pareja, familiares, amigos\/as y compa\u00f1eros\/as de trabajo. Ense\u00f1a a apreciar la lectura o la profesi\u00f3n de escritor, librero, editor, bibliotecario, periodista o ilustrador. Escribe y habla sobre todo ello, como muestra de afecto a los libros y las personas que m\u00e1s quieres.<\/p>\n<p>Los libros son una herramienta valiosa para el intercambio de conocimientos, la comprensi\u00f3n mutua y la apertura a un mundo diversificado.<\/p>\n<p style=\"text-align: center;\">Por todo ello, Feliz D\u00eda del Libro!!!<\/p>\n<p style=\"text-align: center;\"><a href=\"http:\/\/www.rmbs.es\/blog\/biblioteca-alberto-lista\/wp-content\/uploads\/2019\/04\/Dia-Mundial-del-Libro.jpg\"><img decoding=\"async\" loading=\"lazy\" class=\"aligncenter size-medium wp-image-2230\" src=\"http:\/\/www.rmbs.es\/blog\/biblioteca-alberto-lista\/wp-content\/uploads\/2019\/04\/Dia-Mundial-del-Libro-210x300.jpg\" alt=\"\" width=\"210\" height=\"300\" srcset=\"http:\/\/www.rmbs.es\/blog\/biblioteca-alberto-lista\/wp-content\/uploads\/2019\/04\/Dia-Mundial-del-Libro-210x300.jpg 210w, http:\/\/www.rmbs.es\/blog\/biblioteca-alberto-lista\/wp-content\/uploads\/2019\/04\/Dia-Mundial-del-Libro-768x1098.jpg 768w, http:\/\/www.rmbs.es\/blog\/biblioteca-alberto-lista\/wp-content\/uploads\/2019\/04\/Dia-Mundial-del-Libro-716x1024.jpg 716w, http:\/\/www.rmbs.es\/blog\/biblioteca-alberto-lista\/wp-content\/uploads\/2019\/04\/Dia-Mundial-del-Libro-105x150.jpg 105w, http:\/\/www.rmbs.es\/blog\/biblioteca-alberto-lista\/wp-content\/uploads\/2019\/04\/Dia-Mundial-del-Libro-17x24.jpg 17w, http:\/\/www.rmbs.es\/blog\/biblioteca-alberto-lista\/wp-content\/uploads\/2019\/04\/Dia-Mundial-del-Libro-25x36.jpg 25w, http:\/\/www.rmbs.es\/blog\/biblioteca-alberto-lista\/wp-content\/uploads\/2019\/04\/Dia-Mundial-del-Libro-34x48.jpg 34w, http:\/\/www.rmbs.es\/blog\/biblioteca-alberto-lista\/wp-content\/uploads\/2019\/04\/Dia-Mundial-del-Libro.jpg 1700w\" sizes=\"(max-width: 210px) 100vw, 210px\" \/><\/a><\/p>\n","protected":false},"excerpt":{"rendered":"<p>El 23 de abril es un d\u00eda solidario, alegre y festivo. Puedes regalar libros, ense\u00f1ar a apreciar la lectura, incluso escribir y hablar sobre la fiesta. Regala un libro a las personas queridas, pareja, familiares, amigos\/as y compa\u00f1eros\/as de trabajo. Ense\u00f1a a apreciar la lectura o la profesi\u00f3n de escritor, librero, editor, bibliotecario, periodista o&#8230;<\/p>\n","protected":false},"author":1,"featured_media":0,"comment_status":"open","ping_status":"open","sticky":false,"template":"","format":"standard","meta":[],"categories":[1],"tags":[],"_links":{"self":[{"href":"http:\/\/www.rmbs.es\/blog\/biblioteca-alberto-lista\/index.php?rest_route=\/wp\/v2\/posts\/2226"}],"collection":[{"href":"http:\/\/www.rmbs.es\/blog\/biblioteca-alberto-lista\/index.php?rest_route=\/wp\/v2\/posts"}],"about":[{"href":"http:\/\/www.rmbs.es\/blog\/biblioteca-alberto-lista\/index.php?rest_route=\/wp\/v2\/types\/post"}],"author":[{"embeddable":true,"href":"http:\/\/www.rmbs.es\/blog\/biblioteca-alberto-lista\/index.php?rest_route=\/wp\/v2\/users\/1"}],"replies":[{"embeddable":true,"href":"http:\/\/www.rmbs.es\/blog\/biblioteca-alberto-lista\/index.php?rest_route=%2Fwp%2Fv2%2Fcomments&post=2226"}],"version-history":[{"count":5,"href":"http:\/\/www.rmbs.es\/blog\/biblioteca-alberto-lista\/index.php?rest_route=\/wp\/v2\/posts\/2226\/revisions"}],"predecessor-version":[{"id":2232,"href":"http:\/\/www.rmbs.es\/blog\/biblioteca-alberto-lista\/index.php?rest_route=\/wp\/v2\/posts\/2226\/revisions\/2232"}],"wp:attachment":[{"href":"http:\/\/www.rmbs.es\/blog\/biblioteca-alberto-lista\/index.php?rest_route=%2Fwp%2Fv2%2Fmedia&parent=2226"}],"wp:term":[{"taxonomy":"category","embeddable":true,"href":"http:\/\/www.rmbs.es\/blog\/biblioteca-alberto-lista\/index.php?rest_route=%2Fwp%2Fv2%2Fcategories&post=2226"},{"taxonomy":"post_tag","embeddable":true,"href":"http:\/\/www.rmbs.es\/blog\/biblioteca-alberto-lista\/index.php?rest_route=%2Fwp%2Fv2%2Ftags&post=2226"}],"curies":[{"name":"wp","href":"https:\/\/api.w.org\/{rel}","templated":true}]}}