{"id":2131,"date":"2019-02-13T14:29:28","date_gmt":"2019-02-13T12:29:28","guid":{"rendered":"http:\/\/www.rmbs.es\/blog\/biblioteca-alberto-lista\/?p=2131"},"modified":"2019-02-13T14:29:37","modified_gmt":"2019-02-13T12:29:37","slug":"proximas-actividades-febrero-abril-2019","status":"publish","type":"post","link":"http:\/\/www.rmbs.es\/blog\/biblioteca-alberto-lista\/?p=2131","title":{"rendered":"PR\u00d3XIMAS ACTIVIDADES FEBRERO-ABRIL 2019"},"content":{"rendered":"<p><span style=\"color: #993300;\"><strong>FEBRERO<\/strong><\/span><\/p>\n<ul>\n<li><strong>D\u00cdA 20<br \/>\n<\/strong><\/li>\n<\/ul>\n<p><strong><span style=\"color: #ff6600;\"><u><span style=\"color: #0000ff;\">\u00abCLUB DE LECTURA DE POES\u00cdA\u00bb<\/span><br \/>\n<\/u><\/span><\/strong><\/p>\n<p>Veinte personas, con ganas de leer, aprender y compartir experiencias de lectura, tendr\u00e1n la ocasi\u00f3n de descubrir o profundizar en la poes\u00eda. No es necesaria ninguna formaci\u00f3n previa. (Por\u00a0David Eloy Rodr\u00edguez Ramajo y Jos\u00e9 M\u00aa G\u00f3mez Valero, \u00abLa Palabra Itinerante\u00bb).<\/p>\n<ul>\n<li>Destinatarios: P\u00fablico en general<strong> (mayores de 14 a\u00f1os)<\/strong><strong><br \/>\n<\/strong><\/li>\n<li>M\u00e1ximo:<strong> 20 participantes<br \/>\n<\/strong><\/li>\n<li>Horario: <strong>18:30 h. a 20:30 h.<br \/>\n<\/strong><\/li>\n<li>Inscripciones: <strong>antes del 19 de febrero<br \/>\n<\/strong><\/li>\n<li>Las personas interesadas pueden inscribirse<strong> en la propia biblioteca <\/strong>(calle Feria, n\u00ba 57),<strong> por tel\u00e9fono <\/strong>(955 472 080\/81)<strong> o por e-mail <\/strong>(albertolista.sbs.cultura@sevilla.org).<\/li>\n<\/ul>\n<p><a href=\"http:\/\/www.rmbs.es\/blog\/biblioteca-alberto-lista\/wp-content\/uploads\/2018\/09\/La-Palabra-Itinerante.jpg\"><img decoding=\"async\" loading=\"lazy\" class=\"aligncenter size-full wp-image-2075\" src=\"http:\/\/www.rmbs.es\/blog\/biblioteca-alberto-lista\/wp-content\/uploads\/2018\/09\/La-Palabra-Itinerante.jpg\" alt=\"\" width=\"214\" height=\"242\" srcset=\"http:\/\/www.rmbs.es\/blog\/biblioteca-alberto-lista\/wp-content\/uploads\/2018\/09\/La-Palabra-Itinerante.jpg 214w, http:\/\/www.rmbs.es\/blog\/biblioteca-alberto-lista\/wp-content\/uploads\/2018\/09\/La-Palabra-Itinerante-133x150.jpg 133w, http:\/\/www.rmbs.es\/blog\/biblioteca-alberto-lista\/wp-content\/uploads\/2018\/09\/La-Palabra-Itinerante-21x24.jpg 21w, http:\/\/www.rmbs.es\/blog\/biblioteca-alberto-lista\/wp-content\/uploads\/2018\/09\/La-Palabra-Itinerante-32x36.jpg 32w, http:\/\/www.rmbs.es\/blog\/biblioteca-alberto-lista\/wp-content\/uploads\/2018\/09\/La-Palabra-Itinerante-42x48.jpg 42w\" sizes=\"(max-width: 214px) 100vw, 214px\" \/><\/a><\/p>\n<p><span style=\"color: #993300;\"><strong>MARZO<\/strong><\/span><\/p>\n<ul>\n<li><strong>D\u00cdA 6<br \/>\n<\/strong><\/li>\n<\/ul>\n<p><strong><span style=\"color: #ff6600;\"><u>\u00abEL SE\u00d1OR BIANCHI SE VA DE VIAJE\u00bb<br \/>\n<\/u><\/span><\/strong><\/p>\n<p>El se\u00f1or Bianchi es un viajante que est\u00e1 de visita en la ciudad y necesita encontrar un tel\u00e9fono urgentemente&#8230; En la biblioteca de la calle Feria va a contarles a los ni\u00f1os un mont\u00f3n de cuentos; todo ello acompa\u00f1ado de divertidas canciones. (Por Eugenio Fern\u00e1ndez, \u00abTeatro Circo La Plaza\u00bb).<\/p>\n<ul>\n<li>Destinatarios: Grupos escolares de <strong>1\u00ba y 2\u00ba de Primaria. Sesiones concertadas<br \/>\n<\/strong><\/li>\n<li>M\u00e1ximo:<strong> 30 alumnos por sesi\u00f3n<br \/>\n<\/strong><\/li>\n<li>Horario: <strong>10:30 h. (1\u00aa ses.) ; 11:30 (2\u00aa ses.)<br \/>\n<\/strong><\/li>\n<li>Inscripciones: <strong>antes del 5 de marzo<br \/>\n<\/strong><\/li>\n<\/ul>\n<p><a href=\"http:\/\/www.rmbs.es\/blog\/biblioteca-alberto-lista\/wp-content\/uploads\/2019\/02\/Teatro-Circo-La-Plaza.jpg\"><img decoding=\"async\" loading=\"lazy\" class=\"aligncenter wp-image-2139\" src=\"http:\/\/www.rmbs.es\/blog\/biblioteca-alberto-lista\/wp-content\/uploads\/2019\/02\/Teatro-Circo-La-Plaza.jpg\" alt=\"\" width=\"189\" height=\"189\" srcset=\"http:\/\/www.rmbs.es\/blog\/biblioteca-alberto-lista\/wp-content\/uploads\/2019\/02\/Teatro-Circo-La-Plaza.jpg 300w, http:\/\/www.rmbs.es\/blog\/biblioteca-alberto-lista\/wp-content\/uploads\/2019\/02\/Teatro-Circo-La-Plaza-150x150.jpg 150w, http:\/\/www.rmbs.es\/blog\/biblioteca-alberto-lista\/wp-content\/uploads\/2019\/02\/Teatro-Circo-La-Plaza-24x24.jpg 24w, http:\/\/www.rmbs.es\/blog\/biblioteca-alberto-lista\/wp-content\/uploads\/2019\/02\/Teatro-Circo-La-Plaza-36x36.jpg 36w, http:\/\/www.rmbs.es\/blog\/biblioteca-alberto-lista\/wp-content\/uploads\/2019\/02\/Teatro-Circo-La-Plaza-48x48.jpg 48w\" sizes=\"(max-width: 189px) 100vw, 189px\" \/><\/a><\/p>\n<ul>\n<li><strong>D\u00cdAS 12 y 14<br \/>\n<\/strong><\/li>\n<\/ul>\n<p><strong><span style=\"color: #ff6600;\"><u><span style=\"color: #0000ff;\">\u00abVAMOS A LEER Y ESCRIBIR HAIKUS: TALLER DE INICIACI\u00d3N\u00bb<\/span><br \/>\n<\/u><\/span><\/strong><\/p>\n<p>De la mano de Fran Nu\u00f1o, autor del libro \u00ab<em>Buscando haikus<\/em>\u00ab, conoceremos el origen del haiku, as\u00ed como las reglas b\u00e1sicas para su lectura y escritura. Los participantes incluso podr\u00e1n escribir sus propios haikus y compartirlos con los dem\u00e1s. (Por Fran Nu\u00f1o, de \u00abNu\u00f1o Producciones\u00bb).<strong><em><br \/>\n<\/em><\/strong><\/p>\n<ul>\n<li>Destinatarios: P\u00fablico en general<strong> (mayores de 14 a\u00f1os)<br \/>\n<\/strong><\/li>\n<li>M\u00e1ximo:<strong> 15 personas<br \/>\n<\/strong><\/li>\n<li>Horario: <strong>18:30 a 20:30 h.<br \/>\n<\/strong><\/li>\n<li>Inscripciones: <strong>antes del 11 de marzo<br \/>\n<\/strong><\/li>\n<li>Las personas interesadas pueden inscribirse<strong> en la propia biblioteca <\/strong>(calle Feria, n\u00ba 57),<strong> por tel\u00e9fono <\/strong>(955 472 080\/81)<strong> o por e-mail <\/strong>(albertolista.sbs.cultura@sevilla.org).<\/li>\n<\/ul>\n<p>&nbsp;<\/p>\n<p><a href=\"http:\/\/www.rmbs.es\/blog\/biblioteca-alberto-lista\/wp-content\/uploads\/2019\/02\/haiku-10.jpg\"><img decoding=\"async\" loading=\"lazy\" class=\"aligncenter size-medium wp-image-2141\" src=\"http:\/\/www.rmbs.es\/blog\/biblioteca-alberto-lista\/wp-content\/uploads\/2019\/02\/haiku-10-300x140.jpg\" alt=\"\" width=\"300\" height=\"140\" srcset=\"http:\/\/www.rmbs.es\/blog\/biblioteca-alberto-lista\/wp-content\/uploads\/2019\/02\/haiku-10-300x140.jpg 300w, http:\/\/www.rmbs.es\/blog\/biblioteca-alberto-lista\/wp-content\/uploads\/2019\/02\/haiku-10-768x358.jpg 768w, http:\/\/www.rmbs.es\/blog\/biblioteca-alberto-lista\/wp-content\/uploads\/2019\/02\/haiku-10-150x70.jpg 150w, http:\/\/www.rmbs.es\/blog\/biblioteca-alberto-lista\/wp-content\/uploads\/2019\/02\/haiku-10-24x11.jpg 24w, http:\/\/www.rmbs.es\/blog\/biblioteca-alberto-lista\/wp-content\/uploads\/2019\/02\/haiku-10-36x17.jpg 36w, http:\/\/www.rmbs.es\/blog\/biblioteca-alberto-lista\/wp-content\/uploads\/2019\/02\/haiku-10-48x22.jpg 48w, http:\/\/www.rmbs.es\/blog\/biblioteca-alberto-lista\/wp-content\/uploads\/2019\/02\/haiku-10.jpg 800w\" sizes=\"(max-width: 300px) 100vw, 300px\" \/><\/a><\/p>\n<p>&nbsp;<\/p>\n<ul>\n<li><strong>D\u00cdA 13<br \/>\n<\/strong><\/li>\n<\/ul>\n<p><strong><span style=\"color: #ff6600;\"><u><span style=\"color: #0000ff;\">\u00abCLUB DE LECTURA DE POES\u00cdA\u00bb<\/span><br \/>\n<\/u><\/span><\/strong><\/p>\n<p>Veinte personas, con ganas de leer, aprender y compartir experiencias de lectura, tendr\u00e1n la ocasi\u00f3n de descubrir o profundizar en la poes\u00eda. No es necesaria ninguna formaci\u00f3n previa. (Por\u00a0David Eloy Rodr\u00edguez Ramajo y Jos\u00e9 M\u00aa G\u00f3mez Valero, \u00abLa Palabra Itinerante\u00bb).<\/p>\n<ul>\n<li>Destinatarios: P\u00fablico en general<strong> (mayores de 14 a\u00f1os)<\/strong><strong><br \/>\n<\/strong><\/li>\n<li>M\u00e1ximo:<strong> 20 participantes<br \/>\n<\/strong><\/li>\n<li>Horario: <strong>18:30 h. a 20:30 h.<br \/>\n<\/strong><\/li>\n<li>Inscripciones: <strong>antes del 12 de marzo<br \/>\n<\/strong><\/li>\n<li>Las personas interesadas pueden inscribirse<strong> en la propia biblioteca <\/strong>(calle Feria, n\u00ba 57),<strong> por tel\u00e9fono <\/strong>(955 472 080\/81)<strong> o por e-mail <\/strong>(albertolista.sbs.cultura@sevilla.org).<\/li>\n<\/ul>\n<p><a href=\"http:\/\/www.rmbs.es\/blog\/biblioteca-alberto-lista\/wp-content\/uploads\/2018\/09\/La-Palabra-Itinerante.jpg\"><img decoding=\"async\" loading=\"lazy\" class=\"aligncenter size-full wp-image-2075\" src=\"http:\/\/www.rmbs.es\/blog\/biblioteca-alberto-lista\/wp-content\/uploads\/2018\/09\/La-Palabra-Itinerante.jpg\" alt=\"\" width=\"214\" height=\"242\" srcset=\"http:\/\/www.rmbs.es\/blog\/biblioteca-alberto-lista\/wp-content\/uploads\/2018\/09\/La-Palabra-Itinerante.jpg 214w, http:\/\/www.rmbs.es\/blog\/biblioteca-alberto-lista\/wp-content\/uploads\/2018\/09\/La-Palabra-Itinerante-133x150.jpg 133w, http:\/\/www.rmbs.es\/blog\/biblioteca-alberto-lista\/wp-content\/uploads\/2018\/09\/La-Palabra-Itinerante-21x24.jpg 21w, http:\/\/www.rmbs.es\/blog\/biblioteca-alberto-lista\/wp-content\/uploads\/2018\/09\/La-Palabra-Itinerante-32x36.jpg 32w, http:\/\/www.rmbs.es\/blog\/biblioteca-alberto-lista\/wp-content\/uploads\/2018\/09\/La-Palabra-Itinerante-42x48.jpg 42w\" sizes=\"(max-width: 214px) 100vw, 214px\" \/><\/a><\/p>\n<ul>\n<li><strong>D\u00cdA 19<br \/>\n<\/strong><\/li>\n<\/ul>\n<p><strong><span style=\"color: #ff6600;\"><u>\u00abPELOPINCHO Y LA NATURALEZA\u00bb<br \/>\n<\/u><\/span><\/strong><\/p>\n<p>Los animales del bosque, junto con Pelopincho y su amiga Felisa, deben detener al malvado Monstruo para que deje de contaminar el entorno. Con esta divertida representaci\u00f3n, los m\u00e1s peque\u00f1os aprender\u00e1n c\u00f3mo cuidar nuestro medio ambiente. (Por \u00abCiencia Divertida\u00bb: Compa\u00f1\u00eda de Teatro Cient\u00edfico Escolar).<\/p>\n<ul>\n<li>Destinatarios: Grupos escolares de <strong>1\u00ba y 2\u00ba de Primaria. Sesiones concertadas<br \/>\n<\/strong><\/li>\n<li>M\u00e1ximo:<strong> 30 alumnos por sesi\u00f3n<br \/>\n<\/strong><\/li>\n<li>Horario: <strong>10:30 h. (1\u00aa ses.) ; 11:30 (2\u00aa ses.)<br \/>\n<\/strong><\/li>\n<li>Inscripciones: <strong>antes del 18 de marzo<\/strong><\/li>\n<\/ul>\n<p><a href=\"http:\/\/www.rmbs.es\/blog\/biblioteca-alberto-lista\/wp-content\/uploads\/2019\/02\/teatro.png\"><img decoding=\"async\" loading=\"lazy\" class=\"aligncenter wp-image-2145\" src=\"http:\/\/www.rmbs.es\/blog\/biblioteca-alberto-lista\/wp-content\/uploads\/2019\/02\/teatro-1024x356.png\" alt=\"\" width=\"500\" height=\"174\" \/><\/a><\/p>\n<p>&nbsp;<\/p>\n<ul>\n<li><strong>D\u00cdA 20<br \/>\n<\/strong><\/li>\n<\/ul>\n<p><strong><span style=\"color: #ff6600;\"><u>\u00abEDAD DE HIELO\u00bb<br \/>\n<\/u><\/span><\/strong><\/p>\n<p>Azufaifo y la profesora Van der Graf, dos exc\u00e9ntricos cient\u00edficos de disparatadas ocurrencias, deciden viajar al pasado en busca de un hielo especial con el que bajar la temperatura global del planeta. Con esta obra de teatro, los peque\u00f1os participantes interactuar\u00e1n con los personajes para descubrir en qu\u00e9 consiste el calentamiento global. (Por \u00abCiencia Divertida\u00bb: Compa\u00f1\u00eda de Teatro Cient\u00edfico Escolar).<\/p>\n<ul>\n<li>Destinatarios: Grupos escolares de <strong>3\u00ba y 4\u00ba de Primaria. Sesiones concertadas<br \/>\n<\/strong><\/li>\n<li>M\u00e1ximo:<strong> 30 alumnos por sesi\u00f3n<br \/>\n<\/strong><\/li>\n<li>Horario: <strong>10:30 h. (1\u00aa ses.) ; 11:30 (2\u00aa ses.)<br \/>\n<\/strong><\/li>\n<li>Inscripciones: <strong>antes del 18 de marzo<\/strong><\/li>\n<\/ul>\n<p><a href=\"http:\/\/www.rmbs.es\/blog\/biblioteca-alberto-lista\/wp-content\/uploads\/2019\/02\/teatro.png\"><img decoding=\"async\" loading=\"lazy\" class=\"aligncenter wp-image-2145\" src=\"http:\/\/www.rmbs.es\/blog\/biblioteca-alberto-lista\/wp-content\/uploads\/2019\/02\/teatro-1024x356.png\" alt=\"\" width=\"500\" height=\"174\" \/><\/a><\/p>\n<p>&nbsp;<\/p>\n<ul>\n<li><strong>D\u00cdA 28<br \/>\n<\/strong><\/li>\n<\/ul>\n<p><strong><span style=\"color: #ff6600;\"><u>\u00abEL CHARLI, EL CURRITO Y EL EMPOLL\u00d3N DE ALVARITO\u00bb<br \/>\n<\/u><\/span><\/strong><\/p>\n<p>Estos tres simp\u00e1ticos personajes, representados por marionetas de gui\u00f1ol, desarrollar\u00e1n una trama relacionada con el acoso escolar. De manera que, en un debate al final, los mismos ni\u00f1os sean capaces de proponer soluciones de mediaci\u00f3n al conflicto planteado. (Por Eugenio Fern\u00e1ndez, \u00abTeatro Circo La Plaza\u00bb).<\/p>\n<ul>\n<li>Destinatarios: Grupos escolares de <strong>5\u00ba y 6\u00ba de Primaria. Sesiones concertadas<br \/>\n<\/strong><\/li>\n<li>M\u00e1ximo:<strong> 30 alumnos por sesi\u00f3n<br \/>\n<\/strong><\/li>\n<li>Horario: <strong>10:30 h. (1\u00aa ses.) ; 11:30 (2\u00aa ses.)<br \/>\n<\/strong><\/li>\n<li>Inscripciones: <strong>antes del 27 de marzo<a href=\"http:\/\/www.rmbs.es\/blog\/biblioteca-alberto-lista\/wp-content\/uploads\/2019\/02\/Teatro-Circo-La-Plaza.jpg\"><img decoding=\"async\" loading=\"lazy\" class=\"aligncenter wp-image-2139\" src=\"http:\/\/www.rmbs.es\/blog\/biblioteca-alberto-lista\/wp-content\/uploads\/2019\/02\/Teatro-Circo-La-Plaza.jpg\" alt=\"\" width=\"189\" height=\"189\" srcset=\"http:\/\/www.rmbs.es\/blog\/biblioteca-alberto-lista\/wp-content\/uploads\/2019\/02\/Teatro-Circo-La-Plaza.jpg 300w, http:\/\/www.rmbs.es\/blog\/biblioteca-alberto-lista\/wp-content\/uploads\/2019\/02\/Teatro-Circo-La-Plaza-150x150.jpg 150w, http:\/\/www.rmbs.es\/blog\/biblioteca-alberto-lista\/wp-content\/uploads\/2019\/02\/Teatro-Circo-La-Plaza-24x24.jpg 24w, http:\/\/www.rmbs.es\/blog\/biblioteca-alberto-lista\/wp-content\/uploads\/2019\/02\/Teatro-Circo-La-Plaza-36x36.jpg 36w, http:\/\/www.rmbs.es\/blog\/biblioteca-alberto-lista\/wp-content\/uploads\/2019\/02\/Teatro-Circo-La-Plaza-48x48.jpg 48w\" sizes=\"(max-width: 189px) 100vw, 189px\" \/><\/a><\/strong><\/li>\n<\/ul>\n<p><span style=\"color: #993300;\"><strong>ABRIL<\/strong><\/span><\/p>\n<ul>\n<li><strong>D\u00cdA 1<br \/>\n<\/strong><\/li>\n<\/ul>\n<p><strong><span style=\"color: #ff6600;\"><u><span style=\"color: #0000ff;\">\u00abREGIONALISMO EN SEVILLA\u00bb (RUTA ARQUITECT\u00d3NICA POR LA CIUDAD)<\/span><br \/>\n<\/u><\/span><\/strong><\/p>\n<p>Para conocer las muestras m\u00e1s significativas de la arquitectura regionalista en nuestra ciudad, veinticinco personas se reunir\u00e1n previamente en la biblioteca donde Ricardo Naise, pintor y gu\u00eda cultural, les har\u00e1 la presentaci\u00f3n de la actividad, adem\u00e1s de explicarles brevemente su recorrido. (Por Ricardo Naise).<\/p>\n<ul>\n<li>Destinatarios: P\u00fablico en general<strong> (mayores de 12 a\u00f1os)<\/strong><strong><br \/>\n<\/strong><\/li>\n<li>M\u00e1ximo:<strong> 25 participantes<br \/>\n<\/strong><\/li>\n<li>Horario: <strong>18:00 h. a 20:30 h.<br \/>\n<\/strong><\/li>\n<li>Inscripciones: <strong>antes del 29 de marzo<br \/>\n<\/strong><\/li>\n<li>Las personas interesadas pueden inscribirse<strong> en la propia biblioteca <\/strong>(calle Feria, n\u00ba 57),<strong> por tel\u00e9fono <\/strong>(955 472 080\/81)<strong> o por e-mail <\/strong>(albertolista.sbs.cultura@sevilla.org).<\/li>\n<\/ul>\n<p><a href=\"http:\/\/www.rmbs.es\/blog\/biblioteca-alberto-lista\/wp-content\/uploads\/2019\/02\/ruta-regionalismo.jpg\"><img decoding=\"async\" loading=\"lazy\" class=\"aligncenter size-full wp-image-2153\" src=\"http:\/\/www.rmbs.es\/blog\/biblioteca-alberto-lista\/wp-content\/uploads\/2019\/02\/ruta-regionalismo.jpg\" alt=\"\" width=\"223\" height=\"300\" srcset=\"http:\/\/www.rmbs.es\/blog\/biblioteca-alberto-lista\/wp-content\/uploads\/2019\/02\/ruta-regionalismo.jpg 223w, http:\/\/www.rmbs.es\/blog\/biblioteca-alberto-lista\/wp-content\/uploads\/2019\/02\/ruta-regionalismo-112x150.jpg 112w, http:\/\/www.rmbs.es\/blog\/biblioteca-alberto-lista\/wp-content\/uploads\/2019\/02\/ruta-regionalismo-18x24.jpg 18w, http:\/\/www.rmbs.es\/blog\/biblioteca-alberto-lista\/wp-content\/uploads\/2019\/02\/ruta-regionalismo-27x36.jpg 27w, http:\/\/www.rmbs.es\/blog\/biblioteca-alberto-lista\/wp-content\/uploads\/2019\/02\/ruta-regionalismo-36x48.jpg 36w\" sizes=\"(max-width: 223px) 100vw, 223px\" \/><\/a><\/p>\n<p>&nbsp;<\/p>\n<ul>\n<li><strong>D\u00cdA 3<br \/>\n<\/strong><\/li>\n<\/ul>\n<p><strong><span style=\"color: #ff6600;\"><u><span style=\"color: #0000ff;\">\u00abCLUB DE LECTURA DE POES\u00cdA\u00bb<\/span><br \/>\n<\/u><\/span><\/strong><\/p>\n<p>Veinte personas, con ganas de leer, aprender y compartir experiencias de lectura, tendr\u00e1n la ocasi\u00f3n de descubrir o profundizar en la poes\u00eda. No es necesaria ninguna formaci\u00f3n previa. (Por\u00a0David Eloy Rodr\u00edguez Ramajo y Jos\u00e9 M\u00aa G\u00f3mez Valero, \u00abLa Palabra Itinerante\u00bb).<\/p>\n<ul>\n<li>Destinatarios: P\u00fablico en general<strong> (mayores de 14 a\u00f1os)<\/strong><strong><br \/>\n<\/strong><\/li>\n<li>M\u00e1ximo:<strong> 20 participantes<br \/>\n<\/strong><\/li>\n<li>Horario: <strong>18:30 h. a 20:30 h.<br \/>\n<\/strong><\/li>\n<li>Inscripciones: <strong>antes del 2 de abril<br \/>\n<\/strong><\/li>\n<li>Las personas interesadas pueden inscribirse<strong> en la propia biblioteca <\/strong>(calle Feria, n\u00ba 57),<strong> por tel\u00e9fono <\/strong>(955 472 080\/81)<strong> o por e-mail <\/strong>(albertolista.sbs.cultura@sevilla.org).<\/li>\n<\/ul>\n<p><a href=\"http:\/\/www.rmbs.es\/blog\/biblioteca-alberto-lista\/wp-content\/uploads\/2018\/09\/La-Palabra-Itinerante.jpg\"><img decoding=\"async\" loading=\"lazy\" class=\"aligncenter size-full wp-image-2075\" src=\"http:\/\/www.rmbs.es\/blog\/biblioteca-alberto-lista\/wp-content\/uploads\/2018\/09\/La-Palabra-Itinerante.jpg\" alt=\"\" width=\"214\" height=\"242\" srcset=\"http:\/\/www.rmbs.es\/blog\/biblioteca-alberto-lista\/wp-content\/uploads\/2018\/09\/La-Palabra-Itinerante.jpg 214w, http:\/\/www.rmbs.es\/blog\/biblioteca-alberto-lista\/wp-content\/uploads\/2018\/09\/La-Palabra-Itinerante-133x150.jpg 133w, http:\/\/www.rmbs.es\/blog\/biblioteca-alberto-lista\/wp-content\/uploads\/2018\/09\/La-Palabra-Itinerante-21x24.jpg 21w, http:\/\/www.rmbs.es\/blog\/biblioteca-alberto-lista\/wp-content\/uploads\/2018\/09\/La-Palabra-Itinerante-32x36.jpg 32w, http:\/\/www.rmbs.es\/blog\/biblioteca-alberto-lista\/wp-content\/uploads\/2018\/09\/La-Palabra-Itinerante-42x48.jpg 42w\" sizes=\"(max-width: 214px) 100vw, 214px\" \/><\/a><\/p>\n<ul>\n<li><strong>D\u00cdAS 8 y 9<br \/>\n<\/strong><\/li>\n<\/ul>\n<p><strong><span style=\"color: #ff6600;\"><u>\u00abALBERT EINSTEIN, UN CIENT\u00cdFICO GENIAL\u00bb<br \/>\n<\/u><\/span><\/strong><\/p>\n<p>Para conmemorar el 140 aniversario del nacimiento del mundialmente conocido cient\u00edfico Albert Einstein, se realizar\u00e1 una divertida actividad donde los participantes conocer\u00e1n los aspectos m\u00e1s importantes de su biograf\u00eda y de sus logros en el mundo de la ciencia. El ganador se llevar\u00e1 a casa un estupendo libro sobre Einstein y se donar\u00e1 otro ejemplar al centro escolar. Y para finalizar se realizar\u00e1 un n\u00famero de magia para repasar todo lo aprendido. (Por Fran Nu\u00f1o, de \u00abNu\u00f1o Producciones\u00bb).<strong><em><br \/>\n<\/em><\/strong><\/p>\n<ul>\n<li>Destinatarios: Grupos escolares de <strong>5\u00ba y 6\u00ba de Primaria y 1\u00ba de ESO. Sesiones concertadas<br \/>\n<\/strong><\/li>\n<li>M\u00e1ximo:<strong> 30 alumnos por sesi\u00f3n<br \/>\n<\/strong><\/li>\n<li>Horario: <strong>10:30 h. (1\u00aa ses.) ; 11:30 (2\u00aa ses.)<br \/>\n<\/strong><\/li>\n<li>Inscripciones: <strong>antes del 5 de abril<br \/>\n<\/strong><\/li>\n<\/ul>\n<p><a href=\"http:\/\/www.rmbs.es\/blog\/biblioteca-alberto-lista\/wp-content\/uploads\/2019\/02\/Albert-Einstein.jpg\"><img decoding=\"async\" loading=\"lazy\" class=\"aligncenter wp-image-2157\" src=\"http:\/\/www.rmbs.es\/blog\/biblioteca-alberto-lista\/wp-content\/uploads\/2019\/02\/Albert-Einstein-287x300.jpg\" alt=\"\" width=\"265\" height=\"277\" srcset=\"http:\/\/www.rmbs.es\/blog\/biblioteca-alberto-lista\/wp-content\/uploads\/2019\/02\/Albert-Einstein-287x300.jpg 287w, http:\/\/www.rmbs.es\/blog\/biblioteca-alberto-lista\/wp-content\/uploads\/2019\/02\/Albert-Einstein-143x150.jpg 143w, http:\/\/www.rmbs.es\/blog\/biblioteca-alberto-lista\/wp-content\/uploads\/2019\/02\/Albert-Einstein-24x24.jpg 24w, http:\/\/www.rmbs.es\/blog\/biblioteca-alberto-lista\/wp-content\/uploads\/2019\/02\/Albert-Einstein-34x36.jpg 34w, http:\/\/www.rmbs.es\/blog\/biblioteca-alberto-lista\/wp-content\/uploads\/2019\/02\/Albert-Einstein-46x48.jpg 46w, http:\/\/www.rmbs.es\/blog\/biblioteca-alberto-lista\/wp-content\/uploads\/2019\/02\/Albert-Einstein.jpg 393w\" sizes=\"(max-width: 265px) 100vw, 265px\" \/><\/a><\/p>\n<p>&nbsp;<\/p>\n<ul>\n<li><strong>D\u00cdA 30<br \/>\n<\/strong><\/li>\n<\/ul>\n<p><strong><span style=\"color: #ff6600;\"><u><span style=\"color: #0000ff;\">\u00abSIEMPRE CLARA: CONFERENCIA-CONCIERTO\u00bb<\/span><br \/>\n<\/u><\/span><\/strong><\/p>\n<p>En la biblioteca Alberto Lista conmemoraremos el 200 aniversario del nacimiento de Clara Schumann, compositora, concertista y una de las pianistas m\u00e1s importantes del Romanticismo. (Por Beatriz Gonz\u00e1lez Calder\u00f3n, violonchelista y directora art\u00edstica de la Orquesta de C\u00e1mara de Mujeres \u00abAlmaclara\u00bb).<\/p>\n<ul>\n<li>Destinatarios: P\u00fablico en general<strong> (mayores de 12 a\u00f1os)<\/strong><strong><br \/>\n<\/strong><\/li>\n<li>M\u00e1ximo:<strong> 25 participantes<br \/>\n<\/strong><\/li>\n<li>Horario: <strong>19:00 h.<br \/>\n<\/strong><\/li>\n<li>Inscripciones: <strong>antes del 29 de abril<br \/>\n<\/strong><\/li>\n<li>Las personas interesadas pueden inscribirse<strong> en la propia biblioteca <\/strong>(calle Feria, n\u00ba 57),<strong> por tel\u00e9fono <\/strong>(955 472 080\/81)<strong> o por e-mail <\/strong>(albertolista.sbs.cultura@sevilla.org).<\/li>\n<\/ul>\n<p><a href=\"http:\/\/www.rmbs.es\/blog\/biblioteca-alberto-lista\/wp-content\/uploads\/2019\/02\/beatriz-almaclara.jpg\"><img decoding=\"async\" loading=\"lazy\" class=\"aligncenter wp-image-2159\" src=\"http:\/\/www.rmbs.es\/blog\/biblioteca-alberto-lista\/wp-content\/uploads\/2019\/02\/beatriz-almaclara.jpg\" alt=\"\" width=\"357\" height=\"268\" srcset=\"http:\/\/www.rmbs.es\/blog\/biblioteca-alberto-lista\/wp-content\/uploads\/2019\/02\/beatriz-almaclara.jpg 450w, http:\/\/www.rmbs.es\/blog\/biblioteca-alberto-lista\/wp-content\/uploads\/2019\/02\/beatriz-almaclara-300x225.jpg 300w, http:\/\/www.rmbs.es\/blog\/biblioteca-alberto-lista\/wp-content\/uploads\/2019\/02\/beatriz-almaclara-150x113.jpg 150w, http:\/\/www.rmbs.es\/blog\/biblioteca-alberto-lista\/wp-content\/uploads\/2019\/02\/beatriz-almaclara-24x18.jpg 24w, http:\/\/www.rmbs.es\/blog\/biblioteca-alberto-lista\/wp-content\/uploads\/2019\/02\/beatriz-almaclara-36x27.jpg 36w, http:\/\/www.rmbs.es\/blog\/biblioteca-alberto-lista\/wp-content\/uploads\/2019\/02\/beatriz-almaclara-48x36.jpg 48w\" sizes=\"(max-width: 357px) 100vw, 357px\" \/><\/a><\/p>\n","protected":false},"excerpt":{"rendered":"<p>FEBRERO D\u00cdA 20 \u00abCLUB DE LECTURA DE POES\u00cdA\u00bb Veinte personas, con ganas de leer, aprender y compartir experiencias de lectura, tendr\u00e1n la ocasi\u00f3n de descubrir o profundizar en la poes\u00eda. No es necesaria ninguna formaci\u00f3n previa. (Por\u00a0David Eloy Rodr\u00edguez Ramajo y Jos\u00e9 M\u00aa G\u00f3mez Valero, \u00abLa Palabra Itinerante\u00bb). Destinatarios: P\u00fablico en general (mayores de 14&#8230;<\/p>\n","protected":false},"author":1,"featured_media":0,"comment_status":"open","ping_status":"open","sticky":false,"template":"","format":"standard","meta":[],"categories":[1],"tags":[],"_links":{"self":[{"href":"http:\/\/www.rmbs.es\/blog\/biblioteca-alberto-lista\/index.php?rest_route=\/wp\/v2\/posts\/2131"}],"collection":[{"href":"http:\/\/www.rmbs.es\/blog\/biblioteca-alberto-lista\/index.php?rest_route=\/wp\/v2\/posts"}],"about":[{"href":"http:\/\/www.rmbs.es\/blog\/biblioteca-alberto-lista\/index.php?rest_route=\/wp\/v2\/types\/post"}],"author":[{"embeddable":true,"href":"http:\/\/www.rmbs.es\/blog\/biblioteca-alberto-lista\/index.php?rest_route=\/wp\/v2\/users\/1"}],"replies":[{"embeddable":true,"href":"http:\/\/www.rmbs.es\/blog\/biblioteca-alberto-lista\/index.php?rest_route=%2Fwp%2Fv2%2Fcomments&post=2131"}],"version-history":[{"count":27,"href":"http:\/\/www.rmbs.es\/blog\/biblioteca-alberto-lista\/index.php?rest_route=\/wp\/v2\/posts\/2131\/revisions"}],"predecessor-version":[{"id":2164,"href":"http:\/\/www.rmbs.es\/blog\/biblioteca-alberto-lista\/index.php?rest_route=\/wp\/v2\/posts\/2131\/revisions\/2164"}],"wp:attachment":[{"href":"http:\/\/www.rmbs.es\/blog\/biblioteca-alberto-lista\/index.php?rest_route=%2Fwp%2Fv2%2Fmedia&parent=2131"}],"wp:term":[{"taxonomy":"category","embeddable":true,"href":"http:\/\/www.rmbs.es\/blog\/biblioteca-alberto-lista\/index.php?rest_route=%2Fwp%2Fv2%2Fcategories&post=2131"},{"taxonomy":"post_tag","embeddable":true,"href":"http:\/\/www.rmbs.es\/blog\/biblioteca-alberto-lista\/index.php?rest_route=%2Fwp%2Fv2%2Ftags&post=2131"}],"curies":[{"name":"wp","href":"https:\/\/api.w.org\/{rel}","templated":true}]}}