{"id":2123,"date":"2018-12-12T12:51:29","date_gmt":"2018-12-12T10:51:29","guid":{"rendered":"http:\/\/www.rmbs.es\/blog\/biblioteca-alberto-lista\/?p=2123"},"modified":"2018-12-12T12:51:38","modified_gmt":"2018-12-12T10:51:38","slug":"horario-de-navidad","status":"publish","type":"post","link":"http:\/\/www.rmbs.es\/blog\/biblioteca-alberto-lista\/?p=2123","title":{"rendered":"HORARIO DE NAVIDAD"},"content":{"rendered":"<p>A partir del <strong>17 de Diciembre<\/strong> y hasta el <strong>15 de Enero<\/strong>, la biblioteca abrir\u00e1, s\u00f3lo por las <strong>ma\u00f1anas<\/strong>, de <strong>9:00<\/strong> h. a <strong>14:00<\/strong> h.<\/p>\n<p>Adem\u00e1s, la biblioteca permanecer\u00e1 <strong>cerrada<\/strong> los d\u00edas <strong>24<\/strong>, <strong>25 <\/strong>y <strong>31 <\/strong>de <strong>Diciembre <\/strong>y en <strong>Enero <\/strong>los d\u00edas <strong>1 <\/strong>y <strong>7<\/strong>.<\/p>\n<p><a href=\"http:\/\/www.rmbs.es\/blog\/biblioteca-alberto-lista\/wp-content\/uploads\/2018\/12\/Mu\u00f1eco-de-nieve-con-libros.jpg\"><img decoding=\"async\" loading=\"lazy\" class=\"aligncenter size-medium wp-image-2125\" src=\"http:\/\/www.rmbs.es\/blog\/biblioteca-alberto-lista\/wp-content\/uploads\/2018\/12\/Mu\u00f1eco-de-nieve-con-libros-238x300.jpg\" alt=\"\" width=\"238\" height=\"300\" srcset=\"http:\/\/www.rmbs.es\/blog\/biblioteca-alberto-lista\/wp-content\/uploads\/2018\/12\/Mu\u00f1eco-de-nieve-con-libros-238x300.jpg 238w, http:\/\/www.rmbs.es\/blog\/biblioteca-alberto-lista\/wp-content\/uploads\/2018\/12\/Mu\u00f1eco-de-nieve-con-libros-768x966.jpg 768w, http:\/\/www.rmbs.es\/blog\/biblioteca-alberto-lista\/wp-content\/uploads\/2018\/12\/Mu\u00f1eco-de-nieve-con-libros.jpg 814w, http:\/\/www.rmbs.es\/blog\/biblioteca-alberto-lista\/wp-content\/uploads\/2018\/12\/Mu\u00f1eco-de-nieve-con-libros-119x150.jpg 119w, http:\/\/www.rmbs.es\/blog\/biblioteca-alberto-lista\/wp-content\/uploads\/2018\/12\/Mu\u00f1eco-de-nieve-con-libros-19x24.jpg 19w, http:\/\/www.rmbs.es\/blog\/biblioteca-alberto-lista\/wp-content\/uploads\/2018\/12\/Mu\u00f1eco-de-nieve-con-libros-29x36.jpg 29w, http:\/\/www.rmbs.es\/blog\/biblioteca-alberto-lista\/wp-content\/uploads\/2018\/12\/Mu\u00f1eco-de-nieve-con-libros-38x48.jpg 38w\" sizes=\"(max-width: 238px) 100vw, 238px\" \/><\/a><\/p>\n","protected":false},"excerpt":{"rendered":"<p>A partir del 17 de Diciembre y hasta el 15 de Enero, la biblioteca abrir\u00e1, s\u00f3lo por las ma\u00f1anas, de 9:00 h. a 14:00 h. Adem\u00e1s, la biblioteca permanecer\u00e1 cerrada los d\u00edas 24, 25 y 31 de Diciembre y en Enero los d\u00edas 1 y 7.<\/p>\n","protected":false},"author":1,"featured_media":0,"comment_status":"open","ping_status":"open","sticky":false,"template":"","format":"standard","meta":[],"categories":[1],"tags":[],"_links":{"self":[{"href":"http:\/\/www.rmbs.es\/blog\/biblioteca-alberto-lista\/index.php?rest_route=\/wp\/v2\/posts\/2123"}],"collection":[{"href":"http:\/\/www.rmbs.es\/blog\/biblioteca-alberto-lista\/index.php?rest_route=\/wp\/v2\/posts"}],"about":[{"href":"http:\/\/www.rmbs.es\/blog\/biblioteca-alberto-lista\/index.php?rest_route=\/wp\/v2\/types\/post"}],"author":[{"embeddable":true,"href":"http:\/\/www.rmbs.es\/blog\/biblioteca-alberto-lista\/index.php?rest_route=\/wp\/v2\/users\/1"}],"replies":[{"embeddable":true,"href":"http:\/\/www.rmbs.es\/blog\/biblioteca-alberto-lista\/index.php?rest_route=%2Fwp%2Fv2%2Fcomments&post=2123"}],"version-history":[{"count":2,"href":"http:\/\/www.rmbs.es\/blog\/biblioteca-alberto-lista\/index.php?rest_route=\/wp\/v2\/posts\/2123\/revisions"}],"predecessor-version":[{"id":2126,"href":"http:\/\/www.rmbs.es\/blog\/biblioteca-alberto-lista\/index.php?rest_route=\/wp\/v2\/posts\/2123\/revisions\/2126"}],"wp:attachment":[{"href":"http:\/\/www.rmbs.es\/blog\/biblioteca-alberto-lista\/index.php?rest_route=%2Fwp%2Fv2%2Fmedia&parent=2123"}],"wp:term":[{"taxonomy":"category","embeddable":true,"href":"http:\/\/www.rmbs.es\/blog\/biblioteca-alberto-lista\/index.php?rest_route=%2Fwp%2Fv2%2Fcategories&post=2123"},{"taxonomy":"post_tag","embeddable":true,"href":"http:\/\/www.rmbs.es\/blog\/biblioteca-alberto-lista\/index.php?rest_route=%2Fwp%2Fv2%2Ftags&post=2123"}],"curies":[{"name":"wp","href":"https:\/\/api.w.org\/{rel}","templated":true}]}}